{"id":3028,"date":"2014-10-17T07:38:32","date_gmt":"2014-10-17T05:38:32","guid":{"rendered":"http:\/\/blog.projekt-kirche.de\/?p=3028"},"modified":"2020-05-08T19:55:54","modified_gmt":"2020-05-08T17:55:54","slug":"gott-ist-gut-auch-in-herausforderungen","status":"publish","type":"post","link":"https:\/\/www.projekt-kirche.de\/?p=3028","title":{"rendered":"Gott ist gut, auch in Herausforderungen!"},"content":{"rendered":"<div class=\"shariff\" data-title=\"Gott ist gut, auch in Herausforderungen!\" data-info-url=\"http:\/\/ct.de\/-2467514\" data-backend-url=\"https:\/\/www.projekt-kirche.de\/wp-content\/plugins\/shariff-sharing\/backend\/index.php\" data-temp=\"\/tmp\" data-ttl=\"60\" data-service=\"gftr\" data-services='[\"googleplus\",\"facebook\",\"twitter\",\"reddit\",\"info\"]' data-image=\"\" data-url=\"https:\/\/www.projekt-kirche.de\/?p=3028\" data-lang=\"de\" data-theme=\"colored\" data-orientation=\"horizontal\"><\/div><p>Der spanische Zisterzienser Rafael Arn\u00e1iz Bar\u00f3n (1911 \u2013 1938) schreibt in seinen &#8220;Geistliche Schriften&#8221; (11.08.1934) Folgendes Bedenkenswertes \u00fcber die Herausforderungen im Leben von uns Christen:<br \/>\n<!--more--><br \/>\n\u201eBei euch sind sogar die Haare auf dem Kopf alle gez\u00e4hlt. F\u00fcrchtet euch nicht\u201c<\/p>\n<p>Gott schickt mir das Kreuz. Es sei gepriesen; denn wenn wir \u2014 wie Ijob sagt \u2014 \u201edas Gute von Gott annehmen, warum sollen wir dann nicht auch das B\u00f6se annehmen&#8221; [<a href=\"https:\/\/www.bibleserver.com\/NLB\/Hiob2%2C10\" class=\"bibleserver extern\" target=\"_blank\" rel=\"noopener noreferrer\">Ijob 2,10<\/a>]. Alles kommt von ihm: Gesundheit und Krankheit, zeitliche G\u00fcter, Ungl\u00fcck und Widerw\u00e4rtigkeiten im Leben. Alles, absolut alles, hat er gut angeordnet, und wenn sich das Gesch\u00f6pf manchmal gegen das auflehnt, was Gott gebietet, begeht es eine S\u00fcnde, denn alles ist notwendig und gut gef\u00fcgt. Lachen und Weinen sind erforderlich, und aus allem k\u00f6nnen wir immer dann Nutzen ziehen f\u00fcr unsere Vervollkommnung, wenn wir mit gl\u00e4ubigem Herzen Gottes Werk in allem erkennen und wie Kinder in den Armen des Vaters verweilen; denn wir allein, wohin sollten wir uns wenden?&#8230;Klar, dass ich nicht versuche, Gef\u00fchle in mir auszumerzen. Gott will nur von mir, dass ich sie vervollkommne. Aus diesem Grund f\u00fchrt er mich hierhin und dorthin wie ein Spielzeug, und \u00fcberall hinterlasse ich Teile meines Herzens. Wie gro\u00df ist Gott und wie gut macht er alles! Wie sehr liebt er mich, und wie schlecht antworte ich auf seine Liebe! Seine Vorsehung ist unendlich, und ihr m\u00fcssen wir uns ohne Vorbehalt ausliefern. (zitiert aus <a href=\"http:\/\/www.evangeliumtagfuertag. org\">Evangelium Tag f\u00fcr Tag<\/a>)<\/p>\n","protected":false},"excerpt":{"rendered":"<p>Der spanische Zisterzienser Rafael Arn\u00e1iz Bar\u00f3n (1911 \u2013 1938) schreibt in seinen &#8220;Geistliche Schriften&#8221; (11.08.1934) Folgendes Bedenkenswertes \u00fcber die Herausforderungen im Leben von uns Christen:<\/p>\n","protected":false},"author":1,"featured_media":0,"comment_status":"open","ping_status":"open","sticky":false,"template":"","format":"standard","meta":{"jetpack_post_was_ever_published":false,"_jetpack_newsletter_access":"","_jetpack_dont_email_post_to_subs":false,"_jetpack_newsletter_tier_id":0,"_jetpack_memberships_contains_paywalled_content":false,"_jetpack_memberships_contains_paid_content":false,"footnotes":""},"categories":[2],"tags":[],"class_list":["post-3028","post","type-post","status-publish","format-standard","hentry","category-allgemein"],"jetpack_featured_media_url":"","jetpack_shortlink":"https:\/\/wp.me\/p4Sdv6-MQ","jetpack_sharing_enabled":true,"_links":{"self":[{"href":"https:\/\/www.projekt-kirche.de\/index.php?rest_route=\/wp\/v2\/posts\/3028","targetHints":{"allow":["GET"]}}],"collection":[{"href":"https:\/\/www.projekt-kirche.de\/index.php?rest_route=\/wp\/v2\/posts"}],"about":[{"href":"https:\/\/www.projekt-kirche.de\/index.php?rest_route=\/wp\/v2\/types\/post"}],"author":[{"embeddable":true,"href":"https:\/\/www.projekt-kirche.de\/index.php?rest_route=\/wp\/v2\/users\/1"}],"replies":[{"embeddable":true,"href":"https:\/\/www.projekt-kirche.de\/index.php?rest_route=%2Fwp%2Fv2%2Fcomments&post=3028"}],"version-history":[{"count":4,"href":"https:\/\/www.projekt-kirche.de\/index.php?rest_route=\/wp\/v2\/posts\/3028\/revisions"}],"predecessor-version":[{"id":8503,"href":"https:\/\/www.projekt-kirche.de\/index.php?rest_route=\/wp\/v2\/posts\/3028\/revisions\/8503"}],"wp:attachment":[{"href":"https:\/\/www.projekt-kirche.de\/index.php?rest_route=%2Fwp%2Fv2%2Fmedia&parent=3028"}],"wp:term":[{"taxonomy":"category","embeddable":true,"href":"https:\/\/www.projekt-kirche.de\/index.php?rest_route=%2Fwp%2Fv2%2Fcategories&post=3028"},{"taxonomy":"post_tag","embeddable":true,"href":"https:\/\/www.projekt-kirche.de\/index.php?rest_route=%2Fwp%2Fv2%2Ftags&post=3028"}],"curies":[{"name":"wp","href":"https:\/\/api.w.org\/{rel}","templated":true}]}}