{"id":3035,"date":"2014-10-25T08:50:23","date_gmt":"2014-10-25T06:50:23","guid":{"rendered":"http:\/\/blog.projekt-kirche.de\/?p=3035"},"modified":"2020-05-08T15:49:09","modified_gmt":"2020-05-08T13:49:09","slug":"jesus-der-mann-der-klaren-worte","status":"publish","type":"post","link":"https:\/\/www.projekt-kirche.de\/?p=3035","title":{"rendered":"Jesus, der Mann der klaren Worte!"},"content":{"rendered":"<div class=\"shariff\" data-title=\"Jesus, der Mann der klaren Worte!\" data-info-url=\"http:\/\/ct.de\/-2467514\" data-backend-url=\"https:\/\/www.projekt-kirche.de\/wp-content\/plugins\/shariff-sharing\/backend\/index.php\" data-temp=\"\/tmp\" data-ttl=\"60\" data-service=\"gftr\" data-services='[\"googleplus\",\"facebook\",\"twitter\",\"reddit\",\"info\"]' data-image=\"\" data-url=\"https:\/\/www.projekt-kirche.de\/?p=3035\" data-lang=\"de\" data-theme=\"colored\" data-orientation=\"horizontal\"><\/div><p>Wer denkt, dass Jesus ein &#8220;Softie&#8221; war und den Menschen nach dem Mund geredet hat oder sich nicht traute, den Menschen deutlich die Wahrheit zu sagen, der irrt gewaltig! Jesus war ein Mann der klaren Worte!<\/p>\n<p><!--more-->Im heutigen Tagesevangelium (<a href=\"https:\/\/www.bibleserver.com\/NLB\/Lukas13%2C1-9\" class=\"bibleserver extern\" target=\"_blank\" rel=\"noopener noreferrer\">Lk 13,1-9<\/a>) sagt Jesus zu denjenigen Menschen, die denken, dass bei ihnen schon alles in Ordnung sei: &#8221; Ihr alle werdet (&#8230;) umkommen, wenn ihr euch nicht bekehrt.&#8221; Dann erz\u00e4hlt er ihnen das Gleichnis vom Feigenbaum, in dem Gott (als Weinbergbesitzer) Fr\u00fcchte von uns erwartet, und zwar nat\u00fcrlich gute! Ansonsten wird er die &#8220;Feigenb\u00e4ume&#8221; ohne Frucht &#8220;umhauen&#8221;. Aber keine Angst! Jesus ist auf unserer Seite und will uns helfen! In dem Gleichnis bittet er (als Weing\u00e4rtner) f\u00fcr uns um Aufschub und noch etwas Geduld. Jesus will uns &#8220;d\u00fcngen&#8221; und helfen, dass wir gute Fr\u00fcchte in unserem Leben bringen. Aber wir m\u00fcssen auch auf Jesus h\u00f6ren und in Ernst nehmen!<\/p>\n<p>So lasst uns also bitten, dass Jesus uns durch den Heiligen Geist die Kraft gibt, das Gute zu tun und das B\u00f6se zu lassen. Jeden Tag auf&#8217;s Neue!<\/p>\n<p>Zur weiteren Vertiefung dieses Themas kann ich den heutigen Tageskommentar <a title=\"Evangelium Tag f\u00fcr Tag\" href=\"http:\/\/evangeliumtagfuertag.org\/main.php?language=DE&amp;module=commentary&amp;localdate=20141025\" target=\"_blank\" rel=\"noopener noreferrer\">&#8220;Umkehren und nicht sterben&#8221;<\/a> von Juliana von Norwich (1342-nach 1416), englische, Inklusin, aus <i>Offenbarungen von g\u00f6ttlicher Liebe, Kap.39<\/i><i> auf <\/i><i><\/i><i><a title=\"Evangelium Tag f\u00fcr Tag\" href=\"http:\/\/evangeliumtagfuertag.org\" target=\"_blank\" rel=\"noopener noreferrer\">Evangelium Tag f\u00fcr Tag<\/a>\u00a0<\/i>sehr empfehlen.<\/p>\n","protected":false},"excerpt":{"rendered":"<p>Wer denkt, dass Jesus ein &#8220;Softie&#8221; war und den Menschen nach dem Mund geredet hat oder sich nicht traute, den Menschen deutlich die Wahrheit zu sagen, der irrt gewaltig! Jesus war ein Mann der klaren Worte!<\/p>\n","protected":false},"author":1,"featured_media":0,"comment_status":"open","ping_status":"open","sticky":false,"template":"","format":"standard","meta":{"jetpack_post_was_ever_published":false,"_jetpack_newsletter_access":"","_jetpack_dont_email_post_to_subs":false,"_jetpack_newsletter_tier_id":0,"_jetpack_memberships_contains_paywalled_content":false,"_jetpack_memberships_contains_paid_content":false,"footnotes":""},"categories":[2],"tags":[],"class_list":["post-3035","post","type-post","status-publish","format-standard","hentry","category-allgemein"],"jetpack_featured_media_url":"","jetpack_shortlink":"https:\/\/wp.me\/p4Sdv6-MX","jetpack_sharing_enabled":true,"_links":{"self":[{"href":"https:\/\/www.projekt-kirche.de\/index.php?rest_route=\/wp\/v2\/posts\/3035","targetHints":{"allow":["GET"]}}],"collection":[{"href":"https:\/\/www.projekt-kirche.de\/index.php?rest_route=\/wp\/v2\/posts"}],"about":[{"href":"https:\/\/www.projekt-kirche.de\/index.php?rest_route=\/wp\/v2\/types\/post"}],"author":[{"embeddable":true,"href":"https:\/\/www.projekt-kirche.de\/index.php?rest_route=\/wp\/v2\/users\/1"}],"replies":[{"embeddable":true,"href":"https:\/\/www.projekt-kirche.de\/index.php?rest_route=%2Fwp%2Fv2%2Fcomments&post=3035"}],"version-history":[{"count":4,"href":"https:\/\/www.projekt-kirche.de\/index.php?rest_route=\/wp\/v2\/posts\/3035\/revisions"}],"predecessor-version":[{"id":8416,"href":"https:\/\/www.projekt-kirche.de\/index.php?rest_route=\/wp\/v2\/posts\/3035\/revisions\/8416"}],"wp:attachment":[{"href":"https:\/\/www.projekt-kirche.de\/index.php?rest_route=%2Fwp%2Fv2%2Fmedia&parent=3035"}],"wp:term":[{"taxonomy":"category","embeddable":true,"href":"https:\/\/www.projekt-kirche.de\/index.php?rest_route=%2Fwp%2Fv2%2Fcategories&post=3035"},{"taxonomy":"post_tag","embeddable":true,"href":"https:\/\/www.projekt-kirche.de\/index.php?rest_route=%2Fwp%2Fv2%2Ftags&post=3035"}],"curies":[{"name":"wp","href":"https:\/\/api.w.org\/{rel}","templated":true}]}}