{"id":3047,"date":"2014-11-03T19:19:35","date_gmt":"2014-11-03T18:19:35","guid":{"rendered":"http:\/\/blog.projekt-kirche.de\/?p=3047"},"modified":"2020-05-09T00:53:01","modified_gmt":"2020-05-08T22:53:01","slug":"unser-4-kigo","status":"publish","type":"post","link":"https:\/\/www.projekt-kirche.de\/?p=3047","title":{"rendered":"Unser 4. Kigo!"},"content":{"rendered":"<div class=\"shariff\" data-title=\"Unser 4. Kigo!\" data-info-url=\"http:\/\/ct.de\/-2467514\" data-backend-url=\"https:\/\/www.projekt-kirche.de\/wp-content\/plugins\/shariff-sharing\/backend\/index.php\" data-temp=\"\/tmp\" data-ttl=\"60\" data-service=\"gftr\" data-services='[\"googleplus\",\"facebook\",\"twitter\",\"reddit\",\"info\"]' data-image=\"\" data-url=\"https:\/\/www.projekt-kirche.de\/?p=3047\" data-lang=\"de\" data-theme=\"colored\" data-orientation=\"horizontal\"><\/div><p>Gestern haben wir unseren vierten Kindergottesdienst mit insgesamt 6 Kindern gefeiert.<\/p>\n<p>Ein M\u00e4dchen wollte diesmal unbedingt wieder mit dabei sein, obwohl seine Eltern an diesem Sonntag eigentlich gar keine Zeit f\u00fcr den Gottesdienstbesuch hatten. Sie kamen trotzdem, was uns nat\u00fcrlich sehr gefreut hat. <img data-recalc-dims=\"1\" decoding=\"async\" class=\"wp-smiley\" src=\"https:\/\/i0.wp.com\/blog.projekt-kirche.de\/wp-includes\/images\/smilies\/icon_smile.gif?w=629\" alt=\":-)\" \/><\/p>\n<div id=\"attachment_3053\" style=\"width: 190px\" class=\"wp-caption alignnone\"><a href=\"https:\/\/i0.wp.com\/blog.projekt-kirche.de\/wp-content\/uploads\/2014\/11\/IMG_20141102_133653_klein.jpg\"><img data-recalc-dims=\"1\" loading=\"lazy\" decoding=\"async\" aria-describedby=\"caption-attachment-3053\" class=\"wp-image-3053\" src=\"https:\/\/i0.wp.com\/blog.projekt-kirche.de\/wp-content\/uploads\/2014\/11\/IMG_20141102_133653_klein-220x300.jpg?resize=180%2C233\" alt=\"IMG_20141102_133653_klein\" width=\"180\" height=\"233\" \/><\/a><p id=\"caption-attachment-3053\" class=\"wp-caption-text\">Das meinen die KiGo-Kids zum KiGo<\/p><\/div>\n<p class=\"wp-more-tag mce-wp-more\" title=\"Weiterlesen \u2026\"><!--more-->Wir haben jetzt eine neue Serie gestartet, n\u00e4mlich einmal durch die ganze Bibel.<\/p>\n<p>Begonnen haben wir mit der Erschaffung der Welt.<\/p>\n<div id=\"attachment_3052\" style=\"width: 256px\" class=\"wp-caption alignnone\"><a href=\"https:\/\/i0.wp.com\/blog.projekt-kirche.de\/wp-content\/uploads\/2014\/11\/IMG_20141102_131557_klein.jpg\"><img data-recalc-dims=\"1\" loading=\"lazy\" decoding=\"async\" aria-describedby=\"caption-attachment-3052\" class=\"wp-image-3052\" src=\"https:\/\/i0.wp.com\/blog.projekt-kirche.de\/wp-content\/uploads\/2014\/11\/IMG_20141102_131557_klein-300x207.jpg?resize=246%2C157\" alt=\"IMG_20141102_131557_klein\" width=\"246\" height=\"157\" \/><\/a><p id=\"caption-attachment-3052\" class=\"wp-caption-text\">Tischdeko f\u00fcr unser Pfarrcaf\u00e9<\/p><\/div>\n<p>Zur Bibellesung wurden Bilder von der Comic Kinderbibel per Beamer gezeigt und anschlie\u00dfend ein lustiges Quiz zum Thema gemacht.<\/p>\n<p><a href=\"https:\/\/i0.wp.com\/blog.projekt-kirche.de\/wp-content\/uploads\/2014\/11\/KiGo-Quiz.jpg\"><img data-recalc-dims=\"1\" loading=\"lazy\" decoding=\"async\" class=\"alignnone size-medium wp-image-3059\" src=\"https:\/\/i0.wp.com\/blog.projekt-kirche.de\/wp-content\/uploads\/2014\/11\/KiGo-Quiz-300x226.jpg?resize=300%2C226\" alt=\"KiGo-Quiz\" width=\"300\" height=\"226\" \/><\/a><br \/>\nN\u00e4chstes Mal wird es um den S\u00fcndenfall gehen. Ein sehr grundlegendes Thema, zu dem hoffentlich auch viele Eltern mit zum KiGo kommen werden.<\/p>\n","protected":false},"excerpt":{"rendered":"<p>Gestern haben wir unseren vierten Kindergottesdienst mit insgesamt 6 Kindern gefeiert. Ein M\u00e4dchen wollte diesmal unbedingt wieder mit dabei sein, obwohl seine Eltern an diesem Sonntag eigentlich gar keine Zeit f\u00fcr den Gottesdienstbesuch hatten. Sie kamen trotzdem, was uns nat\u00fcrlich sehr gefreut hat.<\/p>\n","protected":false},"author":1,"featured_media":0,"comment_status":"open","ping_status":"open","sticky":false,"template":"","format":"standard","meta":{"jetpack_post_was_ever_published":false,"_jetpack_newsletter_access":"","_jetpack_dont_email_post_to_subs":false,"_jetpack_newsletter_tier_id":0,"_jetpack_memberships_contains_paywalled_content":false,"_jetpack_memberships_contains_paid_content":false,"footnotes":""},"categories":[2],"tags":[],"class_list":["post-3047","post","type-post","status-publish","format-standard","hentry","category-allgemein"],"jetpack_featured_media_url":"","jetpack_shortlink":"https:\/\/wp.me\/p4Sdv6-N9","jetpack_sharing_enabled":true,"_links":{"self":[{"href":"https:\/\/www.projekt-kirche.de\/index.php?rest_route=\/wp\/v2\/posts\/3047","targetHints":{"allow":["GET"]}}],"collection":[{"href":"https:\/\/www.projekt-kirche.de\/index.php?rest_route=\/wp\/v2\/posts"}],"about":[{"href":"https:\/\/www.projekt-kirche.de\/index.php?rest_route=\/wp\/v2\/types\/post"}],"author":[{"embeddable":true,"href":"https:\/\/www.projekt-kirche.de\/index.php?rest_route=\/wp\/v2\/users\/1"}],"replies":[{"embeddable":true,"href":"https:\/\/www.projekt-kirche.de\/index.php?rest_route=%2Fwp%2Fv2%2Fcomments&post=3047"}],"version-history":[{"count":1,"href":"https:\/\/www.projekt-kirche.de\/index.php?rest_route=\/wp\/v2\/posts\/3047\/revisions"}],"predecessor-version":[{"id":6255,"href":"https:\/\/www.projekt-kirche.de\/index.php?rest_route=\/wp\/v2\/posts\/3047\/revisions\/6255"}],"wp:attachment":[{"href":"https:\/\/www.projekt-kirche.de\/index.php?rest_route=%2Fwp%2Fv2%2Fmedia&parent=3047"}],"wp:term":[{"taxonomy":"category","embeddable":true,"href":"https:\/\/www.projekt-kirche.de\/index.php?rest_route=%2Fwp%2Fv2%2Fcategories&post=3047"},{"taxonomy":"post_tag","embeddable":true,"href":"https:\/\/www.projekt-kirche.de\/index.php?rest_route=%2Fwp%2Fv2%2Ftags&post=3047"}],"curies":[{"name":"wp","href":"https:\/\/api.w.org\/{rel}","templated":true}]}}