{"id":3315,"date":"2015-01-07T19:36:59","date_gmt":"2015-01-07T18:36:59","guid":{"rendered":"http:\/\/www.projekt-kirche.de\/?p=3315"},"modified":"2020-05-08T19:51:04","modified_gmt":"2020-05-08T17:51:04","slug":"fusion-von-blog-und-website","status":"publish","type":"post","link":"https:\/\/www.projekt-kirche.de\/?p=3315","title":{"rendered":"Fusion von Blog und Website"},"content":{"rendered":"<div class=\"shariff\" data-title=\"Fusion von Blog und Website\" data-info-url=\"http:\/\/ct.de\/-2467514\" data-backend-url=\"https:\/\/www.projekt-kirche.de\/wp-content\/plugins\/shariff-sharing\/backend\/index.php\" data-temp=\"\/tmp\" data-ttl=\"60\" data-service=\"gftr\" data-services='[\"googleplus\",\"facebook\",\"twitter\",\"reddit\",\"info\"]' data-image=\"\" data-url=\"https:\/\/www.projekt-kirche.de\/?p=3315\" data-lang=\"de\" data-theme=\"colored\" data-orientation=\"horizontal\"><\/div><p>Liebe Besucherin, lieber Besucher!<\/p>\n<p>Seit heute (7. Januar 2015) gibt es statt der beiden Projekt-Kirche-Internetpr\u00e4senzen (blog.projekt-kirche.de und www.projekt-kirche.de) nur noch eine einzige, fusionierte Version (www.projekt-kirche.de).<\/p>\n<p>Die wichtigsten noch relevanten Inhalte der alten Projekt-Kirche-Website wurden bereits (in teilweise aktualisierter Form) hierher \u00fcbertragen. Weitere werden in den n\u00e4chsten Tagen und Wochen folgen.<\/p>\n<p>Bei dieser Gelegenheit habe ich auch den Website-Banner ge\u00e4ndert. Er zeigt jetzt und zuk\u00fcnftig ein immer mal wieder aktualisiertes Bild der Christus-K\u00f6nig-Kirche in Fellbach-Oeffingen, meiner neuen Heimat-Pfarrei.<\/p>\n<p>Allen Leserinnen und Lesern \u00fcbrigens noch ein gutes neues Jahr! \ud83d\ude09<\/p>\n<p>&nbsp;<\/p>\n","protected":false},"excerpt":{"rendered":"<p>Liebe Besucherin, lieber Besucher! Seit heute (7. Januar 2015) gibt es statt der beiden Projekt-Kirche-Internetpr\u00e4senzen (blog.projekt-kirche.de und www.projekt-kirche.de) nur noch eine einzige, fusionierte Version (www.projekt-kirche.de). Die wichtigsten noch relevanten Inhalte der alten Projekt-Kirche-Website wurden bereits (in teilweise aktualisierter Form) hierher \u00fcbertragen. Weitere werden in den n\u00e4chsten Tagen und Wochen folgen. Bei dieser Gelegenheit habe ich [&hellip;]<\/p>\n","protected":false},"author":1,"featured_media":0,"comment_status":"open","ping_status":"open","sticky":false,"template":"","format":"standard","meta":{"jetpack_post_was_ever_published":false,"_jetpack_newsletter_access":"","_jetpack_dont_email_post_to_subs":false,"_jetpack_newsletter_tier_id":0,"_jetpack_memberships_contains_paywalled_content":false,"_jetpack_memberships_contains_paid_content":false,"footnotes":""},"categories":[2],"tags":[],"class_list":["post-3315","post","type-post","status-publish","format-standard","hentry","category-allgemein"],"jetpack_featured_media_url":"","jetpack_shortlink":"https:\/\/wp.me\/p4Sdv6-Rt","jetpack_sharing_enabled":true,"_links":{"self":[{"href":"https:\/\/www.projekt-kirche.de\/index.php?rest_route=\/wp\/v2\/posts\/3315","targetHints":{"allow":["GET"]}}],"collection":[{"href":"https:\/\/www.projekt-kirche.de\/index.php?rest_route=\/wp\/v2\/posts"}],"about":[{"href":"https:\/\/www.projekt-kirche.de\/index.php?rest_route=\/wp\/v2\/types\/post"}],"author":[{"embeddable":true,"href":"https:\/\/www.projekt-kirche.de\/index.php?rest_route=\/wp\/v2\/users\/1"}],"replies":[{"embeddable":true,"href":"https:\/\/www.projekt-kirche.de\/index.php?rest_route=%2Fwp%2Fv2%2Fcomments&post=3315"}],"version-history":[{"count":1,"href":"https:\/\/www.projekt-kirche.de\/index.php?rest_route=\/wp\/v2\/posts\/3315\/revisions"}],"predecessor-version":[{"id":6489,"href":"https:\/\/www.projekt-kirche.de\/index.php?rest_route=\/wp\/v2\/posts\/3315\/revisions\/6489"}],"wp:attachment":[{"href":"https:\/\/www.projekt-kirche.de\/index.php?rest_route=%2Fwp%2Fv2%2Fmedia&parent=3315"}],"wp:term":[{"taxonomy":"category","embeddable":true,"href":"https:\/\/www.projekt-kirche.de\/index.php?rest_route=%2Fwp%2Fv2%2Fcategories&post=3315"},{"taxonomy":"post_tag","embeddable":true,"href":"https:\/\/www.projekt-kirche.de\/index.php?rest_route=%2Fwp%2Fv2%2Ftags&post=3315"}],"curies":[{"name":"wp","href":"https:\/\/api.w.org\/{rel}","templated":true}]}}