{"id":3499,"date":"2015-01-12T19:59:30","date_gmt":"2015-01-12T18:59:30","guid":{"rendered":"http:\/\/www.projekt-kirche.de\/?p=3499"},"modified":"2020-05-08T19:51:04","modified_gmt":"2020-05-08T17:51:04","slug":"kirchenvaeterzitate-umgezogen","status":"publish","type":"post","link":"https:\/\/www.projekt-kirche.de\/?p=3499","title":{"rendered":"Kirchenv\u00e4terzitate umgezogen!"},"content":{"rendered":"<div class=\"shariff\" data-title=\"Kirchenv\u00e4terzitate umgezogen!\" data-info-url=\"http:\/\/ct.de\/-2467514\" data-backend-url=\"https:\/\/www.projekt-kirche.de\/wp-content\/plugins\/shariff-sharing\/backend\/index.php\" data-temp=\"\/tmp\" data-ttl=\"60\" data-service=\"gftr\" data-services='[\"googleplus\",\"facebook\",\"twitter\",\"reddit\",\"info\"]' data-image=\"\" data-url=\"https:\/\/www.projekt-kirche.de\/?p=3499\" data-lang=\"de\" data-theme=\"colored\" data-orientation=\"horizontal\"><\/div><p>So, nun sind die Kirchenv\u00e4terzitate zu den verschiedenen Themen von meiner alten Website komplett hierher umgezogen (siehe Men\u00fcleiste <a title=\"Kirchenv\u00e4ter\" href=\"http:\/\/www.projekt-kirche.de\/kirchenvaeterzitate\/\">Kirchenv\u00e4ter).<\/a><\/p>\n<p>Viel Freude beim Lesen und Nachdenken \u00fcber diese tiefsinnigen Texte \ud83d\ude09<\/p>\n","protected":false},"excerpt":{"rendered":"<p>So, nun sind die Kirchenv\u00e4terzitate zu den verschiedenen Themen von meiner alten Website komplett hierher umgezogen (siehe Men\u00fcleiste Kirchenv\u00e4ter). Viel Freude beim Lesen und Nachdenken \u00fcber diese tiefsinnigen Texte \ud83d\ude09<\/p>\n","protected":false},"author":1,"featured_media":0,"comment_status":"open","ping_status":"open","sticky":false,"template":"","format":"standard","meta":{"jetpack_post_was_ever_published":false,"_jetpack_newsletter_access":"","_jetpack_dont_email_post_to_subs":false,"_jetpack_newsletter_tier_id":0,"_jetpack_memberships_contains_paywalled_content":false,"_jetpack_memberships_contains_paid_content":false,"footnotes":""},"categories":[2],"tags":[],"class_list":["post-3499","post","type-post","status-publish","format-standard","hentry","category-allgemein"],"jetpack_featured_media_url":"","jetpack_shortlink":"https:\/\/wp.me\/p4Sdv6-Ur","jetpack_sharing_enabled":true,"_links":{"self":[{"href":"https:\/\/www.projekt-kirche.de\/index.php?rest_route=\/wp\/v2\/posts\/3499","targetHints":{"allow":["GET"]}}],"collection":[{"href":"https:\/\/www.projekt-kirche.de\/index.php?rest_route=\/wp\/v2\/posts"}],"about":[{"href":"https:\/\/www.projekt-kirche.de\/index.php?rest_route=\/wp\/v2\/types\/post"}],"author":[{"embeddable":true,"href":"https:\/\/www.projekt-kirche.de\/index.php?rest_route=\/wp\/v2\/users\/1"}],"replies":[{"embeddable":true,"href":"https:\/\/www.projekt-kirche.de\/index.php?rest_route=%2Fwp%2Fv2%2Fcomments&post=3499"}],"version-history":[{"count":1,"href":"https:\/\/www.projekt-kirche.de\/index.php?rest_route=\/wp\/v2\/posts\/3499\/revisions"}],"predecessor-version":[{"id":6488,"href":"https:\/\/www.projekt-kirche.de\/index.php?rest_route=\/wp\/v2\/posts\/3499\/revisions\/6488"}],"wp:attachment":[{"href":"https:\/\/www.projekt-kirche.de\/index.php?rest_route=%2Fwp%2Fv2%2Fmedia&parent=3499"}],"wp:term":[{"taxonomy":"category","embeddable":true,"href":"https:\/\/www.projekt-kirche.de\/index.php?rest_route=%2Fwp%2Fv2%2Fcategories&post=3499"},{"taxonomy":"post_tag","embeddable":true,"href":"https:\/\/www.projekt-kirche.de\/index.php?rest_route=%2Fwp%2Fv2%2Ftags&post=3499"}],"curies":[{"name":"wp","href":"https:\/\/api.w.org\/{rel}","templated":true}]}}