{"id":3503,"date":"2015-01-13T05:55:36","date_gmt":"2015-01-13T04:55:36","guid":{"rendered":"http:\/\/www.projekt-kirche.de\/?p=3503"},"modified":"2020-05-08T19:51:04","modified_gmt":"2020-05-08T17:51:04","slug":"bog-artikel-linkadressformat-geaendert","status":"publish","type":"post","link":"https:\/\/www.projekt-kirche.de\/?p=3503","title":{"rendered":"Blog-Artikel Linkadressformat ge\u00e4ndert!"},"content":{"rendered":"<div class=\"shariff\" data-title=\"Blog-Artikel Linkadressformat ge\u00e4ndert!\" data-info-url=\"http:\/\/ct.de\/-2467514\" data-backend-url=\"https:\/\/www.projekt-kirche.de\/wp-content\/plugins\/shariff-sharing\/backend\/index.php\" data-temp=\"\/tmp\" data-ttl=\"60\" data-service=\"gftr\" data-services='[\"googleplus\",\"facebook\",\"twitter\",\"reddit\",\"info\"]' data-image=\"\" data-url=\"https:\/\/www.projekt-kirche.de\/?p=3503\" data-lang=\"de\" data-theme=\"colored\" data-orientation=\"horizontal\"><\/div><p>Da ich das Adressformat der Blogartikel wieder auf das vorherig verwendete (Standard-)Format zur\u00fcckgestellt habe, funktionieren leider alte Links auf die letzten beiden Artikel nicht mehr (daf\u00fcr gehen aber die Verlinkungen auf alle anderen Beitr\u00e4ge wieder). Bitte beachten und ggf. die Artikel neu verlinken\/teilen.<\/p>\n<p>Vielen Dank!<\/p>\n<p><span style=\"text-decoration:underline\">Update 13.01.2015:<\/span><br \/>\nIch habe mich entschieden, die Linkadressen doch wieder auf das vorherige, besser lesbarere Format zur\u00fcckzustellen (ohne laufende Nummer). D.h. die Verlinken m\u00fcssten wie gehabt weiterhin funktionieren. Die Links auf \u00e4ltere Posts k\u00f6nnen jedoch ggf. (weiterhin) nicht funktioneren und m\u00fcssten ggf. neu verlinkt werden.<br \/>\nTja, die Technik ist manchmal nicht ganz so simpel \ud83d\ude09<\/p>\n<p><span style=\"text-decoration:underline\">Update 15.03.2015:<\/span><br \/>\nJetzt habe ich die Linkadressen doch wieder zum alten Standard-Format (mit Nummern) zur\u00fcckgesetzt. Die Verlinkungen muss ich dann noch nach und nach korrigieren. Sorry f\u00fcr alle (noch) fehlerhaften Links.<\/p>\n<p>&nbsp;<\/p>\n","protected":false},"excerpt":{"rendered":"<p>Da ich das Adressformat der Blogartikel wieder auf das vorherig verwendete (Standard-)Format zur\u00fcckgestellt habe, funktionieren leider alte Links auf die letzten beiden Artikel nicht mehr (daf\u00fcr gehen aber die Verlinkungen auf alle anderen Beitr\u00e4ge wieder). Bitte beachten und ggf. die Artikel neu verlinken\/teilen. Vielen Dank! Update 13.01.2015: Ich habe mich entschieden, die Linkadressen doch wieder [&hellip;]<\/p>\n","protected":false},"author":1,"featured_media":0,"comment_status":"open","ping_status":"open","sticky":false,"template":"","format":"standard","meta":{"jetpack_post_was_ever_published":false,"_jetpack_newsletter_access":"","_jetpack_dont_email_post_to_subs":false,"_jetpack_newsletter_tier_id":0,"_jetpack_memberships_contains_paywalled_content":false,"_jetpack_memberships_contains_paid_content":false,"footnotes":""},"categories":[2],"tags":[],"class_list":["post-3503","post","type-post","status-publish","format-standard","hentry","category-allgemein"],"jetpack_featured_media_url":"","jetpack_shortlink":"https:\/\/wp.me\/p4Sdv6-Uv","jetpack_sharing_enabled":true,"_links":{"self":[{"href":"https:\/\/www.projekt-kirche.de\/index.php?rest_route=\/wp\/v2\/posts\/3503","targetHints":{"allow":["GET"]}}],"collection":[{"href":"https:\/\/www.projekt-kirche.de\/index.php?rest_route=\/wp\/v2\/posts"}],"about":[{"href":"https:\/\/www.projekt-kirche.de\/index.php?rest_route=\/wp\/v2\/types\/post"}],"author":[{"embeddable":true,"href":"https:\/\/www.projekt-kirche.de\/index.php?rest_route=\/wp\/v2\/users\/1"}],"replies":[{"embeddable":true,"href":"https:\/\/www.projekt-kirche.de\/index.php?rest_route=%2Fwp%2Fv2%2Fcomments&post=3503"}],"version-history":[{"count":1,"href":"https:\/\/www.projekt-kirche.de\/index.php?rest_route=\/wp\/v2\/posts\/3503\/revisions"}],"predecessor-version":[{"id":6486,"href":"https:\/\/www.projekt-kirche.de\/index.php?rest_route=\/wp\/v2\/posts\/3503\/revisions\/6486"}],"wp:attachment":[{"href":"https:\/\/www.projekt-kirche.de\/index.php?rest_route=%2Fwp%2Fv2%2Fmedia&parent=3503"}],"wp:term":[{"taxonomy":"category","embeddable":true,"href":"https:\/\/www.projekt-kirche.de\/index.php?rest_route=%2Fwp%2Fv2%2Fcategories&post=3503"},{"taxonomy":"post_tag","embeddable":true,"href":"https:\/\/www.projekt-kirche.de\/index.php?rest_route=%2Fwp%2Fv2%2Ftags&post=3503"}],"curies":[{"name":"wp","href":"https:\/\/api.w.org\/{rel}","templated":true}]}}