{"id":3549,"date":"2015-01-22T07:45:13","date_gmt":"2015-01-22T06:45:13","guid":{"rendered":"http:\/\/www.projekt-kirche.de\/?p=3549"},"modified":"2020-05-08T19:51:03","modified_gmt":"2020-05-08T17:51:03","slug":"jesus-heilt-am-see-genezareth-mk-37-12","status":"publish","type":"post","link":"https:\/\/www.projekt-kirche.de\/?p=3549","title":{"rendered":"Jesus heilt am See Genezareth (Mk 3,7-12)"},"content":{"rendered":"<div class=\"shariff\" data-title=\"Jesus heilt am See Genezareth (Mk 3,7-12)\" data-info-url=\"http:\/\/ct.de\/-2467514\" data-backend-url=\"https:\/\/www.projekt-kirche.de\/wp-content\/plugins\/shariff-sharing\/backend\/index.php\" data-temp=\"\/tmp\" data-ttl=\"60\" data-service=\"gftr\" data-services='[\"googleplus\",\"facebook\",\"twitter\",\"reddit\",\"info\"]' data-image=\"\" data-url=\"https:\/\/www.projekt-kirche.de\/?p=3549\" data-lang=\"de\" data-theme=\"colored\" data-orientation=\"horizontal\"><\/div><p>Im heutigen Evangeliumstext geht es um die unglaubliche Anziehungskraft, die Jesus damals auf die Menschen aus\u00fcbte. Nat\u00fcrlich lag das auch daran, dass Jesus aufsehenerregende Wunder tat:<br \/>\n<!--more--><\/p>\n<blockquote><p>Jesus zog sich mit seinen J\u00fcngern wieder an das Ufer des Sees Genezareth zur\u00fcck. Aber die Menschen liefen ihm in Scharen aus ganz Galil\u00e4a nach. Sogar aus Jud\u00e4a, Jerusalem, Idum\u00e4a, von der anderen Seite des Jordan und aus Tyrus und Sidon waren sie gekommen, weil sie von seinen Taten geh\u00f6rt hatten.<br \/>\nAls immer mehr Menschen dazukamen, beauftragte er seine J\u00fcnger, ein Boot bereitzuhalten, wenn ihn die Menschen zu sehr bedr\u00e4ngen sollten.<br \/>\nJesus heilte viele Kranke. Darum dr\u00e4ngten sich die Leute um ihn. Sie wollten wenigstens seine Kleider ber\u00fchren, um dadurch gesund zu werden. Von D\u00e4monen Beherrschte st\u00fcrzten vor ihm nieder und schrien:\u00bbDu bist der Sohn Gottes! \u00ab Aber Jesus befahl ihnen zu schweigen.<br \/>\n(<a href=\"https:\/\/www.bibleserver.com\/NLB\/Markus3%2C7-12\" class=\"bibleserver extern\" target=\"_blank\" rel=\"noopener noreferrer\">Mk 3,7-12<\/a>, HFA)<\/p><\/blockquote>\n<p>Tja, was hat dieser Text uns heute (noch) zu sagen?<br \/>\nSind diese Geschichten nicht sowieso alle erfunden und nie so passiert?<br \/>\nOder vielleicht handelt es sich auch nur um eine Art Gleichnis?<br \/>\nHat Jesus wirklich gelebt und viele Menschen geheilt, sogar Menschen, die vom D\u00e4monen beherrscht waren?<br \/>\nIch denke wir Christen m\u00fcssen uns (immer wieder) fragen wo wir mit unserem Glauben und \u00dcberzeugungen stehen. Glauben wir noch an Jesus? An seine Heilkraft und Macht \u00fcber Krankheiten und B\u00f6ses? Zieht es uns noch (in Scharen) zu ihm?<br \/>\nWarum sind denn so viele Kirchen leer? Weil Gott dort nicht mehr zu finden ist?<br \/>\nWir leben in einer Zeit, in der sich viele Christen um alles m\u00f6gliche k\u00fcmmern und einsetzen, aber f\u00fcr Jesus weder Zeit noch Liebe haben (ich nehme mich da nicht aus). Was bedeutet unser Glaube \u00fcberhaupt noch? Welche Hoffnung haben wir? Wie denkt Gott \u00fcber uns?<br \/>\nIch denke es ist jetzt Zeit endlich aufzuwachen!<br \/>\nUnd das muss gar nicht so schwer sein.<br \/>\nWarum sich f\u00fcr den Neuanfang in diesem Jahr nicht vornehmen, jeden Tag, am Besten morgens, nur 5min Zeit zu nehmen f\u00fcr eine kurze Bibellesung und ein kleines Gebet? Jesus liebt uns und sehnt sich danach f\u00fcr uns dasein zu d\u00fcrfen. Er liebt es, uns zuzuh\u00f6ren und in unser Leben einzugreifen. Sind wir bereit daf\u00fcr? Wollen wir Gottes Stimme h\u00f6ren und Heilung erfahren? Dann lasst uns heute noch damit anfangen! Es ist nicht schwer, sobald man den ersten Schritt getan hat.<\/p>\n","protected":false},"excerpt":{"rendered":"<p>Im heutigen Evangeliumstext geht es um die unglaubliche Anziehungskraft, die Jesus damals auf die Menschen aus\u00fcbte. Nat\u00fcrlich lag das auch daran, dass Jesus aufsehenerregende Wunder tat:<\/p>\n","protected":false},"author":1,"featured_media":0,"comment_status":"open","ping_status":"open","sticky":false,"template":"","format":"standard","meta":{"jetpack_post_was_ever_published":false,"_jetpack_newsletter_access":"","_jetpack_dont_email_post_to_subs":false,"_jetpack_newsletter_tier_id":0,"_jetpack_memberships_contains_paywalled_content":false,"_jetpack_memberships_contains_paid_content":false,"footnotes":""},"categories":[2],"tags":[223],"class_list":["post-3549","post","type-post","status-publish","format-standard","hentry","category-allgemein","tag-mk-3"],"jetpack_featured_media_url":"","jetpack_shortlink":"https:\/\/wp.me\/p4Sdv6-Vf","jetpack_sharing_enabled":true,"_links":{"self":[{"href":"https:\/\/www.projekt-kirche.de\/index.php?rest_route=\/wp\/v2\/posts\/3549","targetHints":{"allow":["GET"]}}],"collection":[{"href":"https:\/\/www.projekt-kirche.de\/index.php?rest_route=\/wp\/v2\/posts"}],"about":[{"href":"https:\/\/www.projekt-kirche.de\/index.php?rest_route=\/wp\/v2\/types\/post"}],"author":[{"embeddable":true,"href":"https:\/\/www.projekt-kirche.de\/index.php?rest_route=\/wp\/v2\/users\/1"}],"replies":[{"embeddable":true,"href":"https:\/\/www.projekt-kirche.de\/index.php?rest_route=%2Fwp%2Fv2%2Fcomments&post=3549"}],"version-history":[{"count":4,"href":"https:\/\/www.projekt-kirche.de\/index.php?rest_route=\/wp\/v2\/posts\/3549\/revisions"}],"predecessor-version":[{"id":8501,"href":"https:\/\/www.projekt-kirche.de\/index.php?rest_route=\/wp\/v2\/posts\/3549\/revisions\/8501"}],"wp:attachment":[{"href":"https:\/\/www.projekt-kirche.de\/index.php?rest_route=%2Fwp%2Fv2%2Fmedia&parent=3549"}],"wp:term":[{"taxonomy":"category","embeddable":true,"href":"https:\/\/www.projekt-kirche.de\/index.php?rest_route=%2Fwp%2Fv2%2Fcategories&post=3549"},{"taxonomy":"post_tag","embeddable":true,"href":"https:\/\/www.projekt-kirche.de\/index.php?rest_route=%2Fwp%2Fv2%2Ftags&post=3549"}],"curies":[{"name":"wp","href":"https:\/\/api.w.org\/{rel}","templated":true}]}}