{"id":3637,"date":"2015-03-05T08:14:41","date_gmt":"2015-03-05T07:14:41","guid":{"rendered":"http:\/\/www.projekt-kirche.de\/?p=3637"},"modified":"2020-05-08T21:57:06","modified_gmt":"2020-05-08T19:57:06","slug":"predigt-zur-fastenzeit","status":"publish","type":"post","link":"https:\/\/www.projekt-kirche.de\/?p=3637","title":{"rendered":"Predigt zur Fastenzeit"},"content":{"rendered":"<div class=\"shariff\" data-title=\"Predigt zur Fastenzeit\" data-info-url=\"http:\/\/ct.de\/-2467514\" data-backend-url=\"https:\/\/www.projekt-kirche.de\/wp-content\/plugins\/shariff-sharing\/backend\/index.php\" data-temp=\"\/tmp\" data-ttl=\"60\" data-service=\"gftr\" data-services='[\"googleplus\",\"facebook\",\"twitter\",\"reddit\",\"info\"]' data-image=\"\" data-url=\"https:\/\/www.projekt-kirche.de\/?p=3637\" data-lang=\"de\" data-theme=\"colored\" data-orientation=\"horizontal\"><\/div><p>Passend zum heutigen Evangeliumstext \u00fcber den geizigen Reichen und dem armen Lazarus (<a href=\"https:\/\/www.bibleserver.com\/NLB\/Lukas16%2C19-31\" class=\"bibleserver extern\" target=\"_blank\" rel=\"noopener noreferrer\">Lk 16,19-31<\/a>) hat der M\u00f6nch und Bischof Gregor von Nyssa (um 335-395) eine mich sehr betroffen machende (Fasten-) Predigt gehalten:<br \/>\n<!--more--><\/p>\n<blockquote><p>Jedes Wort der Heiligen Schrift l\u00e4dt uns zur Nachfolge des Herrn ein, der uns in seiner g\u00fctigen Allmacht geschaffen hat; wir aber verkehren alles um, zu unserem eigenen Nutzen, wir messen alles daran, ob es uns gef\u00e4llt. Wir weisen uns G\u00fcter selber zu und legen den Rest f\u00fcr unsere Erben zur\u00fcck. Um Menschen in Not geht es dabei nicht. Um die Armen scheren wir uns nicht. In unseren Herzen ist kein Erbarmen!Sehen wir, dass jemand in unserer N\u00e4he nichts zu essen und auch keine M\u00f6glichkeit hat, sich das N\u00f6tige zu beschaffen, so denken wir nicht daran, ihm aus seiner Misere herauszuhelfen; wir nehmen ihn so wahr, wie etwa eine Gr\u00fcnpflanze, die mangels Wasser dabei ist, kl\u00e4glich auszutrocknen. Und dabei wissen wir nicht, wohin mit unserem Geld, und k\u00f6nnten vielen mit unserem Reichtum helfen. So wie die Ergiebigkeit einer einzigen Quelle viele ausgedehnte Felder bew\u00e4ssern kann, so ist der Reichtum eines Hauses in der Lage, viele Arme vor dem Elend zu retten, sofern die Sparsamkeit und der Geiz des Menschen dies nicht vereiteln: wie ein Felsbrocken, der in einen Bach f\u00e4llt und dessen Lauf umleitet.Lasst uns nicht ausschlie\u00dflich die Bed\u00fcrfnisse des Fleisches befriedigen, sondern nach Gottes Willen leben.<\/p>\n<\/blockquote>\n<p>(1. Predigt \u00fcber die Liebe zu den Armen: PG 46,463-466,&nbsp; zitiert aus <a href=\"http:\/\/www.evangelizo.org\">Evangelium Tag f\u00fcr Tag<\/a>)<\/p>\n","protected":false},"excerpt":{"rendered":"<p>Passend zum heutigen Evangeliumstext \u00fcber den geizigen Reichen und dem armen Lazarus (Lk 16,19-31) hat der M\u00f6nch und Bischof Gregor von Nyssa (um 335-395) eine mich sehr betroffen machende (Fasten-) Predigt gehalten:<\/p>\n","protected":false},"author":1,"featured_media":0,"comment_status":"open","ping_status":"open","sticky":false,"template":"","format":"standard","meta":{"jetpack_post_was_ever_published":false,"_jetpack_newsletter_access":"","_jetpack_dont_email_post_to_subs":false,"_jetpack_newsletter_tier_id":0,"_jetpack_memberships_contains_paywalled_content":false,"_jetpack_memberships_contains_paid_content":false,"footnotes":""},"categories":[2],"tags":[],"class_list":["post-3637","post","type-post","status-publish","format-standard","hentry","category-allgemein"],"jetpack_featured_media_url":"","jetpack_shortlink":"https:\/\/wp.me\/p4Sdv6-WF","jetpack_sharing_enabled":true,"_links":{"self":[{"href":"https:\/\/www.projekt-kirche.de\/index.php?rest_route=\/wp\/v2\/posts\/3637","targetHints":{"allow":["GET"]}}],"collection":[{"href":"https:\/\/www.projekt-kirche.de\/index.php?rest_route=\/wp\/v2\/posts"}],"about":[{"href":"https:\/\/www.projekt-kirche.de\/index.php?rest_route=\/wp\/v2\/types\/post"}],"author":[{"embeddable":true,"href":"https:\/\/www.projekt-kirche.de\/index.php?rest_route=\/wp\/v2\/users\/1"}],"replies":[{"embeddable":true,"href":"https:\/\/www.projekt-kirche.de\/index.php?rest_route=%2Fwp%2Fv2%2Fcomments&post=3637"}],"version-history":[{"count":4,"href":"https:\/\/www.projekt-kirche.de\/index.php?rest_route=\/wp\/v2\/posts\/3637\/revisions"}],"predecessor-version":[{"id":8534,"href":"https:\/\/www.projekt-kirche.de\/index.php?rest_route=\/wp\/v2\/posts\/3637\/revisions\/8534"}],"wp:attachment":[{"href":"https:\/\/www.projekt-kirche.de\/index.php?rest_route=%2Fwp%2Fv2%2Fmedia&parent=3637"}],"wp:term":[{"taxonomy":"category","embeddable":true,"href":"https:\/\/www.projekt-kirche.de\/index.php?rest_route=%2Fwp%2Fv2%2Fcategories&post=3637"},{"taxonomy":"post_tag","embeddable":true,"href":"https:\/\/www.projekt-kirche.de\/index.php?rest_route=%2Fwp%2Fv2%2Ftags&post=3637"}],"curies":[{"name":"wp","href":"https:\/\/api.w.org\/{rel}","templated":true}]}}