{"id":3655,"date":"2015-03-15T15:46:40","date_gmt":"2015-03-15T14:46:40","guid":{"rendered":"http:\/\/www.projekt-kirche.de\/?p=3655"},"modified":"2020-05-08T18:03:50","modified_gmt":"2020-05-08T16:03:50","slug":"impressionen-vom-ersten-lobpreis-abendgottesdienst","status":"publish","type":"post","link":"https:\/\/www.projekt-kirche.de\/?p=3655","title":{"rendered":"Impressionen vom (ersten) Lobpreis-Abendgottesdienst"},"content":{"rendered":"<div class=\"shariff\" data-title=\"Impressionen vom (ersten) Lobpreis-Abendgottesdienst\" data-info-url=\"http:\/\/ct.de\/-2467514\" data-backend-url=\"https:\/\/www.projekt-kirche.de\/wp-content\/plugins\/shariff-sharing\/backend\/index.php\" data-temp=\"\/tmp\" data-ttl=\"60\" data-service=\"gftr\" data-services='[\"googleplus\",\"facebook\",\"twitter\",\"reddit\",\"info\"]' data-image=\"\" data-url=\"https:\/\/www.projekt-kirche.de\/?p=3655\" data-lang=\"de\" data-theme=\"colored\" data-orientation=\"horizontal\"><\/div><p style=\"text-align:justify\">Gestern <span class=\"nolink\">am 14.3.2015<\/span> war unser (erster) Lobpreis-Abendgottesdienst in der Christus K\u00f6nig Kirche in Oeffingen (wie angek\u00fcndigt, siehe <a title=\"Lobpreis-Abendgottesdienst\" href=\"http:\/\/www.projekt-kirche.de\/?p=3641\">Plakat<\/a>). Es war ein Experiment und vor allem ein Dank an Gott. Anlass war die von Papst Franziskus ausgerufene Initiative &#8220;24 Stunden f\u00fcr den Herrn&#8221; (siehe z.B. &#8220;<a title=\"www. katholisch.de\" href=\"http:\/\/www.katholisch.de\/de\/katholisch\/themen\/glaube_2\/150312_papstaktion_anbetung_beichte.php\">Ein Tag weltweites Gebet<\/a>&#8220;).<\/p>\n<p style=\"text-align:justify\"><!--more--><\/p>\n<p style=\"text-align:justify\">Der Lobpreis-Abendgottesdienst bestand aus zwei Teilen, n\u00e4mlich die mit Licht und Lobpreis-Musik besonders festlich gestaltete Vorabendmesse und eine anschlie\u00dfende kurze eucharistische Anbetung (urspr\u00fcnglich auch mit Beichtgelegenheit geplant). Der Gottesdienst wurde mit einer Beamer-Pr\u00e4sentation mit Bildern und Texten zu den jeweiligen Gottesdienstabschnitten begleitet.<\/p>\n<p style=\"text-align:justify\">Die Vorbereitung dazu gestaltete sich aufgrund der K\u00fcrze an Zeit und begrenzter Anzahl an Helfern nicht ganz einfach und vor allem die Technik brachte mich bis noch kurz vor Beginn des Gottesdienst so ziemlich zum Verzweifeln. Aber nach einem Reboot meines Smartphones lief dann wieder alles \ud83d\ude09<\/p>\n<p style=\"text-align:justify\">Im Folgenden jetzt noch ein paar Impressionen von diesem Abend.<\/p>\n<div id=\"attachment_3678\" style=\"width: 310px\" class=\"wp-caption alignnone\"><a href=\"https:\/\/i0.wp.com\/www.projekt-kirche.de\/wp-content\/uploads\/2015\/03\/photo-2.jpg\"><img data-recalc-dims=\"1\" loading=\"lazy\" decoding=\"async\" aria-describedby=\"caption-attachment-3678\" class=\"wp-image-3678 size-medium\" src=\"https:\/\/i0.wp.com\/www.projekt-kirche.de\/wp-content\/uploads\/2015\/03\/photo-2-e1426448813371-300x152.jpg?resize=300%2C152\" alt=\"Eucharistische Anbetung\" width=\"300\" height=\"152\" \/><\/a><p id=\"caption-attachment-3678\" class=\"wp-caption-text\">Eucharistische Anbetung<\/p><\/div>\n<div id=\"attachment_3652\" style=\"width: 310px\" class=\"wp-caption alignnone\"><a href=\"https:\/\/i0.wp.com\/www.projekt-kirche.de\/wp-content\/uploads\/2015\/03\/photo-1-3-e1426428250570.jpg\"><img data-recalc-dims=\"1\" loading=\"lazy\" decoding=\"async\" aria-describedby=\"caption-attachment-3652\" class=\"size-medium wp-image-3652\" src=\"https:\/\/i0.wp.com\/www.projekt-kirche.de\/wp-content\/uploads\/2015\/03\/photo-1-3-e1426428250570-300x127.jpg?resize=300%2C127\" alt=\"Eucharistische Anbetung im Anschluss der Hl. Messe\" width=\"300\" height=\"127\" \/><\/a><p id=\"caption-attachment-3652\" class=\"wp-caption-text\">Eucharistische Anbetung<\/p><\/div>\n<div id=\"attachment_3651\" style=\"width: 310px\" class=\"wp-caption alignnone\"><a href=\"https:\/\/i0.wp.com\/www.projekt-kirche.de\/wp-content\/uploads\/2015\/03\/IMG_20150314_201133-e1426442660623.jpg\"><img data-recalc-dims=\"1\" loading=\"lazy\" decoding=\"async\" aria-describedby=\"caption-attachment-3651\" class=\"size-medium wp-image-3651\" src=\"https:\/\/i0.wp.com\/www.projekt-kirche.de\/wp-content\/uploads\/2015\/03\/IMG_20150314_201133-e1426428376452-300x159.jpg?resize=300%2C159\" alt=\"Taiz\u00e9-Musik zum Abschluss des Abendgottesdienstes\" width=\"300\" height=\"159\" \/><\/a><p id=\"caption-attachment-3651\" class=\"wp-caption-text\">Taiz\u00e9-Musik zum Abschluss des Abendgottesdienstes<\/p><\/div>\n<div id=\"attachment_3650\" style=\"width: 310px\" class=\"wp-caption alignnone\"><a href=\"https:\/\/i0.wp.com\/www.projekt-kirche.de\/wp-content\/uploads\/2015\/03\/img_20150314_200805-e1426442784486.jpg\"><img data-recalc-dims=\"1\" loading=\"lazy\" decoding=\"async\" aria-describedby=\"caption-attachment-3650\" class=\"size-medium wp-image-3650\" src=\"https:\/\/i0.wp.com\/www.projekt-kirche.de\/wp-content\/uploads\/2015\/03\/IMG_20150314_200805-e1426428460942-300x175.jpg?resize=300%2C175\" alt=\"M\u00f6glichkeit zum pers\u00f6nlichen Gebet im Anschluss des Gottesdienstes\" width=\"300\" height=\"175\" \/><\/a><p id=\"caption-attachment-3650\" class=\"wp-caption-text\">M\u00f6glichkeit zum pers\u00f6nlichen Gebet im Anschluss des Gottesdienstes<\/p><\/div>\n<div id=\"attachment_3649\" style=\"width: 310px\" class=\"wp-caption alignnone\"><a href=\"https:\/\/i0.wp.com\/www.projekt-kirche.de\/wp-content\/uploads\/2015\/03\/img_20150314_200628-e1426442799767.jpg\"><img data-recalc-dims=\"1\" loading=\"lazy\" decoding=\"async\" aria-describedby=\"caption-attachment-3649\" class=\"size-medium wp-image-3649\" src=\"https:\/\/i0.wp.com\/www.projekt-kirche.de\/wp-content\/uploads\/2015\/03\/IMG_20150314_200628-e1426428538356-300x181.jpg?resize=300%2C181\" alt=\"Endes des Gottesdienstes\" width=\"300\" height=\"181\" \/><\/a><p id=\"caption-attachment-3649\" class=\"wp-caption-text\">Endes des Gottesdienstes<\/p><\/div>\n","protected":false},"excerpt":{"rendered":"<p>Gestern am 14.3.2015 war unser (erster) Lobpreis-Abendgottesdienst in der Christus K\u00f6nig Kirche in Oeffingen (wie angek\u00fcndigt, siehe Plakat). Es war ein Experiment und vor allem ein Dank an Gott. Anlass war die von Papst Franziskus ausgerufene Initiative &#8220;24 Stunden f\u00fcr den Herrn&#8221; (siehe z.B. &#8220;Ein Tag weltweites Gebet&#8220;).<\/p>\n","protected":false},"author":1,"featured_media":0,"comment_status":"open","ping_status":"open","sticky":false,"template":"","format":"standard","meta":{"jetpack_post_was_ever_published":false,"_jetpack_newsletter_access":"","_jetpack_dont_email_post_to_subs":false,"_jetpack_newsletter_tier_id":0,"_jetpack_memberships_contains_paywalled_content":false,"_jetpack_memberships_contains_paid_content":false,"footnotes":""},"categories":[2],"tags":[216],"class_list":["post-3655","post","type-post","status-publish","format-standard","hentry","category-allgemein","tag-lobpreis"],"jetpack_featured_media_url":"","jetpack_shortlink":"https:\/\/wp.me\/p4Sdv6-WX","jetpack_sharing_enabled":true,"_links":{"self":[{"href":"https:\/\/www.projekt-kirche.de\/index.php?rest_route=\/wp\/v2\/posts\/3655","targetHints":{"allow":["GET"]}}],"collection":[{"href":"https:\/\/www.projekt-kirche.de\/index.php?rest_route=\/wp\/v2\/posts"}],"about":[{"href":"https:\/\/www.projekt-kirche.de\/index.php?rest_route=\/wp\/v2\/types\/post"}],"author":[{"embeddable":true,"href":"https:\/\/www.projekt-kirche.de\/index.php?rest_route=\/wp\/v2\/users\/1"}],"replies":[{"embeddable":true,"href":"https:\/\/www.projekt-kirche.de\/index.php?rest_route=%2Fwp%2Fv2%2Fcomments&post=3655"}],"version-history":[{"count":1,"href":"https:\/\/www.projekt-kirche.de\/index.php?rest_route=\/wp\/v2\/posts\/3655\/revisions"}],"predecessor-version":[{"id":6407,"href":"https:\/\/www.projekt-kirche.de\/index.php?rest_route=\/wp\/v2\/posts\/3655\/revisions\/6407"}],"wp:attachment":[{"href":"https:\/\/www.projekt-kirche.de\/index.php?rest_route=%2Fwp%2Fv2%2Fmedia&parent=3655"}],"wp:term":[{"taxonomy":"category","embeddable":true,"href":"https:\/\/www.projekt-kirche.de\/index.php?rest_route=%2Fwp%2Fv2%2Fcategories&post=3655"},{"taxonomy":"post_tag","embeddable":true,"href":"https:\/\/www.projekt-kirche.de\/index.php?rest_route=%2Fwp%2Fv2%2Ftags&post=3655"}],"curies":[{"name":"wp","href":"https:\/\/api.w.org\/{rel}","templated":true}]}}