{"id":3719,"date":"2015-06-22T07:10:48","date_gmt":"2015-06-22T05:10:48","guid":{"rendered":"http:\/\/www.projekt-kirche.de\/?p=3719"},"modified":"2020-05-09T04:33:53","modified_gmt":"2020-05-09T02:33:53","slug":"negativitaet-ueberwinden","status":"publish","type":"post","link":"https:\/\/www.projekt-kirche.de\/?p=3719","title":{"rendered":"Negativit\u00e4t \u00fcberwinden"},"content":{"rendered":"<div class=\"shariff\" data-title=\"Negativit\u00e4t \u00fcberwinden\" data-info-url=\"http:\/\/ct.de\/-2467514\" data-backend-url=\"https:\/\/www.projekt-kirche.de\/wp-content\/plugins\/shariff-sharing\/backend\/index.php\" data-temp=\"\/tmp\" data-ttl=\"60\" data-service=\"gftr\" data-services='[\"googleplus\",\"facebook\",\"twitter\",\"reddit\",\"info\"]' data-image=\"\" data-url=\"https:\/\/www.projekt-kirche.de\/?p=3719\" data-lang=\"de\" data-theme=\"colored\" data-orientation=\"horizontal\"><\/div><p>Im heutigen Evangelium geht es u. a. darum die eigene Negativit\u00e4t zu \u00fcberwinden. Eine oft riesige, aber daf\u00fcr sehr heilsame Herausforderung!<br \/>\n<!--more--><\/p>\n<blockquote><p>In jener Zeit sprach Jesus zu seinen J\u00fcngern: Richtet nicht, damit ihr nicht gerichtet werdet!<br \/>\nDenn wie ihr richtet, so werdet ihr gerichtet werden, und nach dem Ma\u00df, mit dem ihr messt und zuteilt, wird euch zugeteilt werden.<br \/>\nWarum siehst du den Splitter im Auge deines Bruders, aber den Balken in deinem Auge bemerkst du nicht?<br \/>\nWie kannst du zu deinem Bruder sagen: Lass mich den Splitter aus deinem Auge herausziehen! &#8211; und dabei steckt in deinem Auge ein Balken?<br \/>\nDu Heuchler! Zieh zuerst den Balken aus deinem Auge, dann kannst du versuchen, den Splitter aus dem Auge deines Bruders herauszuziehen. ( <a href=\"https:\/\/www.bibleserver.com\/NLB\/Matth%C3%A4us7%2C1-5\" class=\"bibleserver extern\" target=\"_blank\" rel=\"noopener noreferrer\">Mt 7,1-5<\/a>)<\/p><\/blockquote>\n<p>Dazu schreibt der Hl. Dorotheos von Gaza (um 500), M\u00f6nch in Pal\u00e4stina:<\/p>\n<blockquote><p>Manche Leute verwandeln alles, was sie zu sich nahmen, in schlechte Laune, selbst wenn die Nahrung gesund ist. Schuld ist nicht das Nahrungsmittel; es ist die Einstellung der Leute, die die Speise verdirbt. Ebenso ist es mit unserer Seele: Wenn sie in schlechter Verfassung ist, dann\u00a0\u00a0gereicht ihr alles zum Schaden. Sie macht selbst N\u00fctzliches zu Sch\u00e4dlichem. Wirft man ein paar Bitterkr\u00e4uter in seinen Honigtopf \u2013 werden sie dann nicht dem ganzen Honig einen bitteren Geschmack verleihen und so den ganzen Topf ungenie\u00dfbar machen? Genau das tun wir: Wenn wir den N\u00e4chsten aus unserer eigenen schlechten Verfassung heraus betrachten, geben wir zum Teil unsere eigene Verbitterung weiter und unterminieren so das Wohlergehen des Anderen.Andere wiederum sind von einer Gem\u00fctsart, die alles in eine gute Stimmung versetzt, sogar schlechtes Essen\u2026Schweine haben eine sehr gute Konstitution. Sie fressen Schoten, Dattelkerne und Abf\u00e4lle. Trotzdem verwandeln sie derlei Futter in saftiges Fleisch. Auch wir k\u00f6nnen, wenn wir gute Gewohnheiten und eine gute seelische Verfassung haben, aus allem Gewinn ziehen, sogar aus dem, was keineswegs gewinnbringend ist. Das Buch der Sprichw\u00f6rter sagt klipp und klar: \u201eWessen Blick sanftm\u00fctig ist, wird Erbarmen finden\u201c; aber an anderer Stelle: \u201eDem Toren l\u00e4uft alles zuwider\u201c.Ich habe geh\u00f6rt, dass ein Bruder, der einen anderen besuchte und dessen Zelle heruntergekommen und unaufger\u00e4umt vorfand, bei sich selbst sagte: \u201eWie gl\u00fccklich gestimmt muss doch dieser Bruder sein, dass er sich so vollkommen von allem Irdischen gel\u00f6st und seinen Geist ganz nach oben ausgerichtet hat, dass er sich nicht einmal mehr die Zeit nimmt, seine Zelle aufzur\u00e4umen!\u201c Wenn er dann zu einem anderen ging und dessen Zelle aufger\u00e4umt, sauber und ordentlich vorfand, sagte er bei sich: \u201eDie Zelle dieses Bruders ist so ordentlich wie seine Seele. Wie die Seele, so die Zelle!\u201c Niemals sagte er von jemandem: \u201eDer da ist unordentlich\u201c oder \u201ejener ist schlampig\u201c. Dank seiner vorbildlichen Einstellung zog er aus allem Gewinn. M\u00f6ge Gott in seiner G\u00fcte auch uns in einen guten Zustand versetzen, damit wir aus allem Nutzen ziehen k\u00f6nnen und nie schlecht von unserem N\u00e4chsten denken. Wenn unsere Bosheit uns zu Urteil und Argwohn verleiten m\u00f6chte, dann lasst uns dies flugs in gutes Denken umwandeln. Denn das Schlechte am N\u00e4chsten nicht wahrzunehmen, bringt mit Gottes Hilfe die G\u00fcte hervor. (Brief I, zitiert aus <a href=\"http:\/\/evangeliumtagfuertag.org\/\">Evangelium Tag f\u00fcr Tag<\/a>)<\/p><\/blockquote>\n","protected":false},"excerpt":{"rendered":"<p>Im heutigen Evangelium geht es u. a. darum die eigene Negativit\u00e4t zu \u00fcberwinden. Eine oft riesige, aber daf\u00fcr sehr heilsame Herausforderung!<\/p>\n","protected":false},"author":1,"featured_media":0,"comment_status":"open","ping_status":"open","sticky":false,"template":"","format":"standard","meta":{"jetpack_post_was_ever_published":false,"_jetpack_newsletter_access":"","_jetpack_dont_email_post_to_subs":false,"_jetpack_newsletter_tier_id":0,"_jetpack_memberships_contains_paywalled_content":false,"_jetpack_memberships_contains_paid_content":false,"footnotes":""},"categories":[2],"tags":[230],"class_list":["post-3719","post","type-post","status-publish","format-standard","hentry","category-allgemein","tag-negativitaet"],"jetpack_featured_media_url":"","jetpack_shortlink":"https:\/\/wp.me\/p4Sdv6-XZ","jetpack_sharing_enabled":true,"_links":{"self":[{"href":"https:\/\/www.projekt-kirche.de\/index.php?rest_route=\/wp\/v2\/posts\/3719","targetHints":{"allow":["GET"]}}],"collection":[{"href":"https:\/\/www.projekt-kirche.de\/index.php?rest_route=\/wp\/v2\/posts"}],"about":[{"href":"https:\/\/www.projekt-kirche.de\/index.php?rest_route=\/wp\/v2\/types\/post"}],"author":[{"embeddable":true,"href":"https:\/\/www.projekt-kirche.de\/index.php?rest_route=\/wp\/v2\/users\/1"}],"replies":[{"embeddable":true,"href":"https:\/\/www.projekt-kirche.de\/index.php?rest_route=%2Fwp%2Fv2%2Fcomments&post=3719"}],"version-history":[{"count":4,"href":"https:\/\/www.projekt-kirche.de\/index.php?rest_route=\/wp\/v2\/posts\/3719\/revisions"}],"predecessor-version":[{"id":8560,"href":"https:\/\/www.projekt-kirche.de\/index.php?rest_route=\/wp\/v2\/posts\/3719\/revisions\/8560"}],"wp:attachment":[{"href":"https:\/\/www.projekt-kirche.de\/index.php?rest_route=%2Fwp%2Fv2%2Fmedia&parent=3719"}],"wp:term":[{"taxonomy":"category","embeddable":true,"href":"https:\/\/www.projekt-kirche.de\/index.php?rest_route=%2Fwp%2Fv2%2Fcategories&post=3719"},{"taxonomy":"post_tag","embeddable":true,"href":"https:\/\/www.projekt-kirche.de\/index.php?rest_route=%2Fwp%2Fv2%2Ftags&post=3719"}],"curies":[{"name":"wp","href":"https:\/\/api.w.org\/{rel}","templated":true}]}}