{"id":3724,"date":"2015-07-06T18:46:31","date_gmt":"2015-07-06T16:46:31","guid":{"rendered":"http:\/\/www.projekt-kirche.de\/?p=3724"},"modified":"2020-05-08T17:48:41","modified_gmt":"2020-05-08T15:48:41","slug":"3724","status":"publish","type":"post","link":"https:\/\/www.projekt-kirche.de\/?p=3724","title":{"rendered":"1. \u00f6kumenischer Kindergottesdienst"},"content":{"rendered":"<div class=\"shariff\" data-title=\"1. \u00f6kumenischer Kindergottesdienst\" data-info-url=\"http:\/\/ct.de\/-2467514\" data-backend-url=\"https:\/\/www.projekt-kirche.de\/wp-content\/plugins\/shariff-sharing\/backend\/index.php\" data-temp=\"\/tmp\" data-ttl=\"60\" data-service=\"gftr\" data-services='[\"googleplus\",\"facebook\",\"twitter\",\"reddit\",\"info\"]' data-image=\"\" data-url=\"https:\/\/www.projekt-kirche.de\/?p=3724\" data-lang=\"de\" data-theme=\"colored\" data-orientation=\"horizontal\"><\/div><p>Am vergangenen Sonntag hat unser erster \u00f6kumenischer Kindergottesdienst stattgefunden (ev. \/kath.).<br \/>\nCa. 40 Kinder und Eltern haben mit uns parallel zum \u00f6kumenischen Zeltgottesdienst im k\u00fchlen Feuerwehrhaus eine Bibelgeschichte \u00fcber Gottes Bund mit Abraham angeh\u00f6rt, beim Bibelquiz mitgeraten, gesungen und gebetet. Sch\u00f6n war&#8217;s!<\/p>\n<p><a href=\"https:\/\/i0.wp.com\/www.projekt-kirche.de\/wp-content\/uploads\/2015\/07\/wpid-wp-1436201171805.jpeg\"><img data-recalc-dims=\"1\" decoding=\"async\" class=\"alignnone size-full\" title=\"wp-1436201171805\" src=\"https:\/\/i0.wp.com\/www.projekt-kirche.de\/wp-content\/uploads\/2015\/07\/wpid-wp-1436201171805.jpeg?w=629\" alt=\"image\" \/><\/a><\/p>\n","protected":false},"excerpt":{"rendered":"<p>Am vergangenen Sonntag hat unser erster \u00f6kumenischer Kindergottesdienst stattgefunden (ev. \/kath.). Ca. 40 Kinder und Eltern haben mit uns parallel zum \u00f6kumenischen Zeltgottesdienst im k\u00fchlen Feuerwehrhaus eine Bibelgeschichte \u00fcber Gottes Bund mit Abraham angeh\u00f6rt, beim Bibelquiz mitgeraten, gesungen und gebetet. Sch\u00f6n war&#8217;s!<\/p>\n","protected":false},"author":1,"featured_media":0,"comment_status":"open","ping_status":"open","sticky":false,"template":"","format":"standard","meta":{"jetpack_post_was_ever_published":false,"_jetpack_newsletter_access":"","_jetpack_dont_email_post_to_subs":false,"_jetpack_newsletter_tier_id":0,"_jetpack_memberships_contains_paywalled_content":false,"_jetpack_memberships_contains_paid_content":false,"footnotes":""},"categories":[2],"tags":[125],"class_list":["post-3724","post","type-post","status-publish","format-standard","hentry","category-allgemein","tag-oekumenisch"],"jetpack_featured_media_url":"","jetpack_shortlink":"https:\/\/wp.me\/s4Sdv6-3724","jetpack_sharing_enabled":true,"_links":{"self":[{"href":"https:\/\/www.projekt-kirche.de\/index.php?rest_route=\/wp\/v2\/posts\/3724","targetHints":{"allow":["GET"]}}],"collection":[{"href":"https:\/\/www.projekt-kirche.de\/index.php?rest_route=\/wp\/v2\/posts"}],"about":[{"href":"https:\/\/www.projekt-kirche.de\/index.php?rest_route=\/wp\/v2\/types\/post"}],"author":[{"embeddable":true,"href":"https:\/\/www.projekt-kirche.de\/index.php?rest_route=\/wp\/v2\/users\/1"}],"replies":[{"embeddable":true,"href":"https:\/\/www.projekt-kirche.de\/index.php?rest_route=%2Fwp%2Fv2%2Fcomments&post=3724"}],"version-history":[{"count":1,"href":"https:\/\/www.projekt-kirche.de\/index.php?rest_route=\/wp\/v2\/posts\/3724\/revisions"}],"predecessor-version":[{"id":6291,"href":"https:\/\/www.projekt-kirche.de\/index.php?rest_route=\/wp\/v2\/posts\/3724\/revisions\/6291"}],"wp:attachment":[{"href":"https:\/\/www.projekt-kirche.de\/index.php?rest_route=%2Fwp%2Fv2%2Fmedia&parent=3724"}],"wp:term":[{"taxonomy":"category","embeddable":true,"href":"https:\/\/www.projekt-kirche.de\/index.php?rest_route=%2Fwp%2Fv2%2Fcategories&post=3724"},{"taxonomy":"post_tag","embeddable":true,"href":"https:\/\/www.projekt-kirche.de\/index.php?rest_route=%2Fwp%2Fv2%2Ftags&post=3724"}],"curies":[{"name":"wp","href":"https:\/\/api.w.org\/{rel}","templated":true}]}}