{"id":3753,"date":"2015-07-07T06:58:40","date_gmt":"2015-07-07T04:58:40","guid":{"rendered":"http:\/\/www.projekt-kirche.de\/?p=3753"},"modified":"2020-05-08T17:48:40","modified_gmt":"2020-05-08T15:48:40","slug":"dem-glauben-taten-folgen-lassen","status":"publish","type":"post","link":"https:\/\/www.projekt-kirche.de\/?p=3753","title":{"rendered":"Dem Glauben Taten folgen lassen"},"content":{"rendered":"<div class=\"shariff\" data-title=\"Dem Glauben Taten folgen lassen\" data-info-url=\"http:\/\/ct.de\/-2467514\" data-backend-url=\"https:\/\/www.projekt-kirche.de\/wp-content\/plugins\/shariff-sharing\/backend\/index.php\" data-temp=\"\/tmp\" data-ttl=\"60\" data-service=\"gftr\" data-services='[\"googleplus\",\"facebook\",\"twitter\",\"reddit\",\"info\"]' data-image=\"\" data-url=\"https:\/\/www.projekt-kirche.de\/?p=3753\" data-lang=\"de\" data-theme=\"colored\" data-orientation=\"horizontal\"><\/div><p>Heute m\u00f6chte ich mal wieder eine Herausforderung weitergeben, die uns im positiven Sinne anspornen und ermutigen soll:<br \/>\n<!--more--><\/p>\n<blockquote><p> Es gibt nicht wenige Menschen, die es dabei belassen, ihr \u00c4u\u00dferes in Ordnung zu bringen und ihr Inneres mit gro\u00dfen Gef\u00fchlen gegen\u00fcber Gott zu f\u00fcllen&#8230; Sie begn\u00fcgen sich mit angenehmen Gespr\u00e4chen, die sie im Gebet mit Gott f\u00fchren&#8230; T\u00e4uschen wir uns nicht: unsere Aufgabe besteht ganz und gar darin, dass wir Taten folgen lassen. Das ist so wahr, dass der hl. Apostel Johannes uns erkl\u00e4rt, es seien ausschlie\u00dflich unsere Werke, die uns ins andere Leben begleiten (<a href=\"https:\/\/www.bibleserver.com\/NLB\/Offenbarung14%2C13\" class=\"bibleserver extern\" target=\"_blank\" rel=\"noopener noreferrer\">Offb 14,13<\/a>). Denken wir doch einmal dar\u00fcber nach, umso mehr, als es in diesem Jahrhundert viele gibt, die tugendhaft erscheinen und die es wirklich sind, die aber eher zu einer ruhigen und bequemen Gangart neigen als zu einer m\u00fchevollen und echten Hingabe.\tDie Kirche wird verglichen mit einer gro\u00dfen Ernte, die nach Arbeitern verlangt (<a href=\"https:\/\/www.bibleserver.com\/NLB\/Matth%C3%A4us9%2C35-38\" class=\"bibleserver extern\" target=\"_blank\" rel=\"noopener noreferrer\">Mt 9,35-38<\/a>), aber nach Arbeitern, die arbeiten. Nichts ist mit dem Evangelium mehr vereinbar, als Erleuchtung und Kraft f\u00fcr die Seele zu sammeln in Gebet, Lesung und Abgeschiedenheit, um dann die Menschen teilhaben zu lassen an dieser geistlichen Nahrung. Das hei\u00dft, tun, was unser Herr getan hat, und nach ihm seine Apostel; das hei\u00dft, das Amt Marthas mit dem Marias zu verbinden; das hei\u00dft, es zu machen wie die Taube, die das Futter, das sie gefunden hat, zur H\u00e4lfte verdaut und den Rest mit ihrem Schnabel in die Schn\u00e4bel ihrer Jungen steckt, um sie zu n\u00e4hren. So m\u00fcssen wir es machen, so m\u00fcssen wir durch unsere Werke Gott unsere Liebe zu ihm bezeugen. Unsere Aufgabe ist es ganz und gar, Taten folgen zu lassen. (Hl. Vinzenz von Paul (1581-1660), Priester, Ordensgr\u00fcnder in &#8220;Geistliche Unterredungen mit Missionaren&#8221; , zitiert aus <a href=\"http:\/\/www.evangeliumtagfuertag.org\">Evangelium Tag f\u00fcr Tag<\/a>) <\/p><\/blockquote>\n","protected":false},"excerpt":{"rendered":"<p>Heute m\u00f6chte ich mal wieder eine Herausforderung weitergeben, die uns im positiven Sinne anspornen und ermutigen soll:<\/p>\n","protected":false},"author":1,"featured_media":0,"comment_status":"open","ping_status":"open","sticky":false,"template":"","format":"standard","meta":{"jetpack_post_was_ever_published":false,"_jetpack_newsletter_access":"","_jetpack_dont_email_post_to_subs":false,"_jetpack_newsletter_tier_id":0,"_jetpack_memberships_contains_paywalled_content":false,"_jetpack_memberships_contains_paid_content":false,"footnotes":""},"categories":[2],"tags":[],"class_list":["post-3753","post","type-post","status-publish","format-standard","hentry","category-allgemein"],"jetpack_featured_media_url":"","jetpack_shortlink":"https:\/\/wp.me\/p4Sdv6-Yx","jetpack_sharing_enabled":true,"_links":{"self":[{"href":"https:\/\/www.projekt-kirche.de\/index.php?rest_route=\/wp\/v2\/posts\/3753","targetHints":{"allow":["GET"]}}],"collection":[{"href":"https:\/\/www.projekt-kirche.de\/index.php?rest_route=\/wp\/v2\/posts"}],"about":[{"href":"https:\/\/www.projekt-kirche.de\/index.php?rest_route=\/wp\/v2\/types\/post"}],"author":[{"embeddable":true,"href":"https:\/\/www.projekt-kirche.de\/index.php?rest_route=\/wp\/v2\/users\/1"}],"replies":[{"embeddable":true,"href":"https:\/\/www.projekt-kirche.de\/index.php?rest_route=%2Fwp%2Fv2%2Fcomments&post=3753"}],"version-history":[{"count":4,"href":"https:\/\/www.projekt-kirche.de\/index.php?rest_route=\/wp\/v2\/posts\/3753\/revisions"}],"predecessor-version":[{"id":8465,"href":"https:\/\/www.projekt-kirche.de\/index.php?rest_route=\/wp\/v2\/posts\/3753\/revisions\/8465"}],"wp:attachment":[{"href":"https:\/\/www.projekt-kirche.de\/index.php?rest_route=%2Fwp%2Fv2%2Fmedia&parent=3753"}],"wp:term":[{"taxonomy":"category","embeddable":true,"href":"https:\/\/www.projekt-kirche.de\/index.php?rest_route=%2Fwp%2Fv2%2Fcategories&post=3753"},{"taxonomy":"post_tag","embeddable":true,"href":"https:\/\/www.projekt-kirche.de\/index.php?rest_route=%2Fwp%2Fv2%2Ftags&post=3753"}],"curies":[{"name":"wp","href":"https:\/\/api.w.org\/{rel}","templated":true}]}}