{"id":3904,"date":"2015-07-14T21:09:50","date_gmt":"2015-07-14T19:09:50","guid":{"rendered":"http:\/\/www.projekt-kirche.de\/?p=3904"},"modified":"2020-05-08T17:48:40","modified_gmt":"2020-05-08T15:48:40","slug":"von-der-erschaffung-der-welt-bis-zur-franzoesischen-revolution-teil-1","status":"publish","type":"post","link":"https:\/\/www.projekt-kirche.de\/?p=3904","title":{"rendered":"Von der Erschaffung der Welt bis zur Franz\u00f6sischen Revolution (Teil 1)"},"content":{"rendered":"<div class=\"shariff\" data-title=\"Von der Erschaffung der Welt bis zur Franz\u00f6sischen Revolution (Teil 1)\" data-info-url=\"http:\/\/ct.de\/-2467514\" data-backend-url=\"https:\/\/www.projekt-kirche.de\/wp-content\/plugins\/shariff-sharing\/backend\/index.php\" data-temp=\"\/tmp\" data-ttl=\"60\" data-service=\"gftr\" data-services='[\"googleplus\",\"facebook\",\"twitter\",\"reddit\",\"info\"]' data-image=\"\" data-url=\"https:\/\/www.projekt-kirche.de\/?p=3904\" data-lang=\"de\" data-theme=\"colored\" data-orientation=\"horizontal\"><\/div><p>Heute m\u00f6chte ich mit einer neuen Serie beginnen, und zwar \u00fcber die Heilsgeschichte von der Erschaffung der Welt bis zur Neuzeit.<\/p>\n<p>Im &#8220;Katholischer Katechismus f\u00fcr das Erzbistum K\u00f6ln&#8221; (57. Auflage, 1914; D\u00fcsseldorf, L. Schwann Verlagsbuchhandlung) ist im Anhang ein &#8220;Kurzer Abriss der Religionsgeschichte&#8221; von der Erschaffung der Welt bis zur Franz\u00f6sischen Revolution abgedruckt.<\/p>\n<p>Dieser gibt einen wie ich meine sehr guten \u00dcberblick \u00fcber die Heilsgeschichte Gottes, auch wenn die Sprache teilweise etwas altert\u00fcmlich ist. Deshalb habe ich den Text an manchen Stellen leicht \u00fcberarbeitet, damit er nicht ganz so antiquiert wirkt.<\/p>\n<p>Los geht&#8217;s im ersten Teil mit der Erschaffung der Welt bis zu Abraham&#8230;<\/p>\n<p><!--more--><\/p>\n<h2 class=\"western\"><a name=\"__RefHeading__976_1428860395\"><\/a>Von Erschaffung der Welt bis Abraham<\/h2>\n<h3 class=\"western\"><span style=\"font-size:medium\">(ungef\u00e4hr 4000-2000 v.Chr.)<\/span><\/h3>\n<p class=\"western\">1. Im Anfang schuf Gott Himmel und Erde. Er sprach: \u201eEs werde\u201c, und alles ist geworden. Die ganze Welt, Sonne, Mond und Sterne, Kr\u00e4uter, B\u00e4ume, Tiere, schuf Gott in sechs Tagen und zuletzt nach seinem Ebenbild den Menschen. Die ersten Menschen hie\u00dfen <i>Adam<\/i> und <i>Eva<\/i>. Sie waren gerecht und heilig. Sie lebten gl\u00fcckselig in einem herrlichen Lustgarten, dem Paradies; sie und ihre Kinder sollten niemals sterben.<a class=\"sdfootnoteanc\" href=\"#sdfootnote1sym\" name=\"sdfootnote1anc\"><sup>1<\/sup><\/a><\/p>\n<p class=\"western\">2. Gott gebot den ersten Menschen, dass sie von der Frucht des Baumes, der mitten im Garten stand, nicht essen sollten, sonst m\u00fcssten sie sterben. Aber die <i>Schlange<\/i> verf\u00fchrte Eva und diese ihren Mann zur \u00dcbertretung des Gebotes; beide a\u00dfen von der verbotenen Frucht. Sogleich kam die Strafe \u00fcber sie und alle ihre Nachkommen. Sie wurden aus dem Paradies vertrieben, wurden dem Tod und vielen M\u00fchseligkeiten unterworfen und sollten ewig von Gott versto\u00dfen sein. Doch erbarmte sich Gott und verhie\u00df ihnen einen Erl\u00f6ser, der sie wieder, wenn sie Bu\u00dfe t\u00e4ten, mit ihm vers\u00f6hnen und der ewigen Seligkeit teilhaftig machen w\u00fcrde. (<a href=\"https:\/\/www.bibleserver.com\/NLB\/1.Mose3%2C15\" class=\"bibleserver extern\" target=\"_blank\" rel=\"noopener noreferrer\">1. Mo 3,15<\/a>)<a class=\"sdfootnoteanc\" href=\"#sdfootnote2sym\" name=\"sdfootnote2anc\"><sup>2<\/sup><\/a><\/p>\n<p class=\"western\">3. <i>Kain<\/i> und <i>Abel<\/i> , S\u00f6hne unserer Stammeltern, brachten dem Allm\u00e4chtigen Opfer dar. Das Opfer des frommen Abel gefiel Gott, aber nicht jenes des b\u00f6sen Kain. Erz\u00fcrnt dar\u00fcber erschlug Kain seinen Bruder und wurde deshalb verflucht und fl\u00fcchtig auf Erden.<\/p>\n<p class=\"kleingedruckt-western\">Der unschuldige Abel ist ein Vorbild Christi, der von seinem Volk dem Tode \u00fcberliefert wurde und als unschuldiges Gotteslamm am Kreuz starb.<a class=\"sdfootnoteanc\" href=\"#sdfootnote3sym\" name=\"sdfootnote3anc\"><sup>3<\/sup><\/a><\/p>\n<p class=\"western\">4. Die Nachkommen des ruchlosen Kain waren gottlos wie ihr Vater und verf\u00fchrten allm\u00e4hlich auch die Guten, so dass zuletzt fast alle Menschen von Gott sich abwendeten und immer tiefer in S\u00fcnden und Laster fielen. Da beschloss der Herr, das entartete Menschengeschlecht durch eine gro\u00dfe Wasserflut zu vertilgen (ungef\u00e4hr 2500 v.Chr.). F\u00fcnfzehn Ellen (ca. 7,5m) hoch stieg die Flut \u00fcber die h\u00f6chsten Berge. Alles ging unter; nur der fromme Noah mit seiner Familie wurde in der Arche gerettet, welche er auf Gottes Befehl erbaut hatte. Zum Dank errichtete Noah einen Altar und brachte dem Herrn ein Dankopfer dar. Daraufhin segnete Gott Noah und dessen S\u00f6hne und gab ihm die Verhei\u00dfung, dass k\u00fcnftig keine Wasserflut mehr kommen solle, alles Fleisch zu vertilgen. (<a href=\"https:\/\/www.bibleserver.com\/NLB\/1.Mose9%2C15\" class=\"bibleserver extern\" target=\"_blank\" rel=\"noopener noreferrer\">1. Mo 9,15<\/a>)<\/p>\n<p class=\"kleingedruckt-western\">Die Arche ist ein <i>Vorbild der Kirche<\/i>: die Arche rettete vor dem leiblichen Tod, die Kirche rettet vor dem Tod der Seele; au\u00dferhalb der Kirche ist kein Heil.<a class=\"sdfootnoteanc\" href=\"#sdfootnote4sym\" name=\"sdfootnote4anc\"><sup>4<\/sup><\/a><\/p>\n<p class=\"western\">5. Noahs Nachkommen vermehrten sich so sehr, dass sie sich bald in alle L\u00e4nder zerstreuen mussten. Doch wollten sie vorher einen <i>Turm<\/i> bauen, dessen Spitze bis an den Himmel reichen sollte. Gott verwirrte aber ihre Sprache, so dass sie vom Bau ablassen mussten. Auch Noahs Nachkommen \u00fcberlie\u00dfen sich ihrem Hang zum B\u00f6sen und sanken so tief, dass sie statt des wahren Gottes Sonne und Mond, Menschen und Tiere, auch Bilder von Gold und Silber, von Stein und Holz anbeteten. Mit diesem sch\u00e4ndlichen <i>G\u00f6tzendienst<\/i> nahmen auch alle S\u00fcnden und Laster wieder schrecklich \u00fcberhand.<a class=\"sdfootnoteanc\" href=\"#sdfootnote5sym\" name=\"sdfootnote5anc\"><sup>5<\/sup><\/a><\/p>\n<div id=\"sdfootnote1\">\n<p class=\"sdfootnote-western\"><a class=\"sdfootnotesym\" href=\"#sdfootnote1anc\" name=\"sdfootnote1sym\">1<\/a>Wie schuf Gott Himmel und Erde? In wieviel Tagen schuf er alles? Wann schuf er den Menschen? Wie zeichnete er den Menschen aus? Wie hie\u00dfen die ersten Menschen? Waren sie auch s\u00fcndhaft wie wir? Wie lebten sie? Sollten sie und ihre Kinder auch sterben?<\/p>\n<\/div>\n<div id=\"sdfootnote2\">\n<p class=\"sdfootnote-western\"><a class=\"sdfootnotesym\" href=\"#sdfootnote2anc\" name=\"sdfootnote2sym\">2<\/a>Welches Gebot gab Gott den ersten Menschen? Wer verf\u00fchrte sie zur \u00dcbertretung des Gebotes? Was taten Adam und Eva? Wurden sie daf\u00fcr bestraft? Wurden sie allein gestraft? Welche Strafe kam \u00fcber sie? Erbarmte sich Gott wieder? Wen verhie\u00df er ihnen?<\/p>\n<\/div>\n<div id=\"sdfootnote3\">\n<p class=\"sdfootnote-western\"><a class=\"sdfootnotesym\" href=\"#sdfootnote3anc\" name=\"sdfootnote3sym\">3<\/a>Wer war Kain und Abel? Gefiel Gott ihr Opfer? Was tat Kain, und wie erging es ihm? Worin ist Abel ein Vorbild Christi?<\/p>\n<\/div>\n<div id=\"sdfootnote4\">\n<p class=\"sdfootnote-western\"><a class=\"sdfootnotesym\" href=\"#sdfootnote4anc\" name=\"sdfootnote4sym\">4<\/a>Wie waren Kains Nachkommen beschaffen? Was taten sie B\u00f6ses? Wie strafte sie Gott? Wie gro\u00df war die S\u00fcndflut? Gingen alle Menschen unter? Was tat Noah, sobald er aus der Arche gegangen war? Welche neue Wohltat erwies Gott dem Noah und seinen S\u00f6hnen? Wie ist die Arche ein Vorbild der Kirche?<\/p>\n<\/div>\n<div id=\"sdfootnote5\">\n<p class=\"sdfootnote-western\"><a class=\"sdfootnotesym\" href=\"#sdfootnote5anc\" name=\"sdfootnote5sym\">5<\/a>Wie erging es den Nachkommen Noahs? Was unternahmen sie? Wie wurde ihr Unternehmen vereitelt? Beteten Noahs Nachkommen immer den wahren Gott an? Welches war die Folge ihres G\u00f6tzendienstes?<\/p>\n<p class=\"sdfootnote-western\">Fortsetzung folgt mit <a href=\"http:\/\/www.projekt-kirche.de\/?p=4017\">Teil 2 (&#8220;Von Abraham bis Moses&#8221;)<\/a><\/p>\n<\/div>\n","protected":false},"excerpt":{"rendered":"<p>Heute m\u00f6chte ich mit einer neuen Serie beginnen, und zwar \u00fcber die Heilsgeschichte von der Erschaffung der Welt bis zur Neuzeit. Im &#8220;Katholischer Katechismus f\u00fcr das Erzbistum K\u00f6ln&#8221; (57. Auflage, 1914; D\u00fcsseldorf, L. Schwann Verlagsbuchhandlung) ist im Anhang ein &#8220;Kurzer Abriss der Religionsgeschichte&#8221; von der Erschaffung der Welt bis zur Franz\u00f6sischen Revolution abgedruckt. Dieser gibt [&hellip;]<\/p>\n","protected":false},"author":1,"featured_media":0,"comment_status":"open","ping_status":"open","sticky":false,"template":"","format":"standard","meta":{"jetpack_post_was_ever_published":false,"_jetpack_newsletter_access":"","_jetpack_dont_email_post_to_subs":false,"_jetpack_newsletter_tier_id":0,"_jetpack_memberships_contains_paywalled_content":false,"_jetpack_memberships_contains_paid_content":false,"footnotes":""},"categories":[2],"tags":[177],"class_list":["post-3904","post","type-post","status-publish","format-standard","hentry","category-allgemein","tag-heilsgeschichte"],"jetpack_featured_media_url":"","jetpack_shortlink":"https:\/\/wp.me\/p4Sdv6-10Y","jetpack_sharing_enabled":true,"_links":{"self":[{"href":"https:\/\/www.projekt-kirche.de\/index.php?rest_route=\/wp\/v2\/posts\/3904","targetHints":{"allow":["GET"]}}],"collection":[{"href":"https:\/\/www.projekt-kirche.de\/index.php?rest_route=\/wp\/v2\/posts"}],"about":[{"href":"https:\/\/www.projekt-kirche.de\/index.php?rest_route=\/wp\/v2\/types\/post"}],"author":[{"embeddable":true,"href":"https:\/\/www.projekt-kirche.de\/index.php?rest_route=\/wp\/v2\/users\/1"}],"replies":[{"embeddable":true,"href":"https:\/\/www.projekt-kirche.de\/index.php?rest_route=%2Fwp%2Fv2%2Fcomments&post=3904"}],"version-history":[{"count":4,"href":"https:\/\/www.projekt-kirche.de\/index.php?rest_route=\/wp\/v2\/posts\/3904\/revisions"}],"predecessor-version":[{"id":8464,"href":"https:\/\/www.projekt-kirche.de\/index.php?rest_route=\/wp\/v2\/posts\/3904\/revisions\/8464"}],"wp:attachment":[{"href":"https:\/\/www.projekt-kirche.de\/index.php?rest_route=%2Fwp%2Fv2%2Fmedia&parent=3904"}],"wp:term":[{"taxonomy":"category","embeddable":true,"href":"https:\/\/www.projekt-kirche.de\/index.php?rest_route=%2Fwp%2Fv2%2Fcategories&post=3904"},{"taxonomy":"post_tag","embeddable":true,"href":"https:\/\/www.projekt-kirche.de\/index.php?rest_route=%2Fwp%2Fv2%2Ftags&post=3904"}],"curies":[{"name":"wp","href":"https:\/\/api.w.org\/{rel}","templated":true}]}}