{"id":3938,"date":"2015-07-16T06:55:52","date_gmt":"2015-07-16T04:55:52","guid":{"rendered":"http:\/\/www.projekt-kirche.de\/?p=3938"},"modified":"2020-05-08T17:48:39","modified_gmt":"2020-05-08T15:48:39","slug":"meine-last-ist-leicht","status":"publish","type":"post","link":"https:\/\/www.projekt-kirche.de\/?p=3938","title":{"rendered":"Meine Last ist leicht&#8230;"},"content":{"rendered":"<div class=\"shariff\" data-title=\"Meine Last ist leicht&#8230;\" data-info-url=\"http:\/\/ct.de\/-2467514\" data-backend-url=\"https:\/\/www.projekt-kirche.de\/wp-content\/plugins\/shariff-sharing\/backend\/index.php\" data-temp=\"\/tmp\" data-ttl=\"60\" data-service=\"gftr\" data-services='[\"googleplus\",\"facebook\",\"twitter\",\"reddit\",\"info\"]' data-image=\"\" data-url=\"https:\/\/www.projekt-kirche.de\/?p=3938\" data-lang=\"de\" data-theme=\"colored\" data-orientation=\"horizontal\"><\/div><p>Da m\u00fcsste man hinkommen&#8230; \ud83d\ude09<br \/>\n<!--more--><\/p>\n<blockquote><p>Wer \u00fcber das harte Joch des Herrn (<a href=\"https:\/\/www.bibleserver.com\/NLB\/Matth%C3%A4us11%2C28-30\" class=\"bibleserver extern\" target=\"_blank\" rel=\"noopener noreferrer\">Mt 11,28-30<\/a>) klagt, hat m\u00f6glicherweise noch nicht das Joch der weltlichen Begierde abgestreift; und wenn doch, so hat er sich, zu seiner gr\u00f6\u00dferen Schande, diesem Joch von neuem unterworfen. Nach au\u00dfen tragen diese Leute das Joch des Herrn, aber innerlich laden sie sich die Last weltlicher Sorgen auf die Schultern. Sie verbuchen die M\u00fchen und Schmerzen, die sie sich selbst auferlegen, zu Lasten des Joches des Herrn&#8230; Was das Joch des Herrn angeht, so ist es \u201esanft und seine Last ist nicht schwer\u201c. Was gibt es in der Tat S\u00fc\u00dferes, Herrlicheres, als sich &#8211; durch die Verachtung, die man der Welt gegen\u00fcber aufbringt &#8211; \u00fcber sie erhoben zu sehen, und durch ein ganz und gar friedliches Gewissen diese ganze Welt sich zu F\u00fc\u00dfen zu sehen? Man sieht nichts, was man sich w\u00fcnschen; nichts, was man f\u00fcrchten k\u00f6nnte; nichts, was man meiden m\u00fcsste; nichts, was einem weggenommen werden k\u00f6nnte; nichts B\u00f6ses, was einem jemand zuf\u00fcgen k\u00f6nnte. Der Blick des Herzens richtet sich auf \u201edas unzerst\u00f6rbare, makellose und unverg\u00e4ngliche Erbe, das im Himmel f\u00fcr uns aufbewahrt ist\u201c (<a href=\"https:\/\/www.bibleserver.com\/NLB\/1.Petrus1%2C4\" class=\"bibleserver extern\" target=\"_blank\" rel=\"noopener noreferrer\">1Petr 1,4<\/a>). Mit einer gewissen Seelengr\u00f6\u00dfe h\u00e4lt man nicht viel von den weltlichen Reicht\u00fcmern: sie vergehen. Oder von der Fleischeslust: sie ist unrein. Oder von weltlicher Pracht: sie verblasst. Mit Freuden nimmt man das Wort des Propheten auf: \u201eAlles Sterbliche ist wie das Gras, und all seine Sch\u00f6nheit ist wie die Blume auf dem Feld: das Gras verdorrt, die Blume verwelkt, doch das Wort unseres Gottes bleibt in Ewigkeit\u201c (<a href=\"https:\/\/www.bibleserver.com\/NLB\/Jesaja40%2C6-8\" class=\"bibleserver extern\" target=\"_blank\" rel=\"noopener noreferrer\">Jes 40,6-8<\/a>)&#8230; In der Liebe, und nur in der Liebe wohnt die echte Ruhe, die echte S\u00fc\u00dfe, denn sie ist das Joch des Herrn. (Hl. Aelred von Rievaulx (1110-1167), englischer Zisterzienserabt in Spiegel der Liebe, I, 30-31, zitiert aus <a href=\"http:\/\/www.evangeliumtagfuertag.org\">Evangelium Tag f\u00fcr Tag<\/a>)<\/p><\/blockquote>\n","protected":false},"excerpt":{"rendered":"<p>Da m\u00fcsste man hinkommen&#8230; \ud83d\ude09<\/p>\n","protected":false},"author":1,"featured_media":0,"comment_status":"open","ping_status":"open","sticky":false,"template":"","format":"standard","meta":{"jetpack_post_was_ever_published":false,"_jetpack_newsletter_access":"","_jetpack_dont_email_post_to_subs":false,"_jetpack_newsletter_tier_id":0,"_jetpack_memberships_contains_paywalled_content":false,"_jetpack_memberships_contains_paid_content":false,"footnotes":""},"categories":[2],"tags":[207],"class_list":["post-3938","post","type-post","status-publish","format-standard","hentry","category-allgemein","tag-last"],"jetpack_featured_media_url":"","jetpack_shortlink":"https:\/\/wp.me\/p4Sdv6-11w","jetpack_sharing_enabled":true,"_links":{"self":[{"href":"https:\/\/www.projekt-kirche.de\/index.php?rest_route=\/wp\/v2\/posts\/3938","targetHints":{"allow":["GET"]}}],"collection":[{"href":"https:\/\/www.projekt-kirche.de\/index.php?rest_route=\/wp\/v2\/posts"}],"about":[{"href":"https:\/\/www.projekt-kirche.de\/index.php?rest_route=\/wp\/v2\/types\/post"}],"author":[{"embeddable":true,"href":"https:\/\/www.projekt-kirche.de\/index.php?rest_route=\/wp\/v2\/users\/1"}],"replies":[{"embeddable":true,"href":"https:\/\/www.projekt-kirche.de\/index.php?rest_route=%2Fwp%2Fv2%2Fcomments&post=3938"}],"version-history":[{"count":4,"href":"https:\/\/www.projekt-kirche.de\/index.php?rest_route=\/wp\/v2\/posts\/3938\/revisions"}],"predecessor-version":[{"id":8463,"href":"https:\/\/www.projekt-kirche.de\/index.php?rest_route=\/wp\/v2\/posts\/3938\/revisions\/8463"}],"wp:attachment":[{"href":"https:\/\/www.projekt-kirche.de\/index.php?rest_route=%2Fwp%2Fv2%2Fmedia&parent=3938"}],"wp:term":[{"taxonomy":"category","embeddable":true,"href":"https:\/\/www.projekt-kirche.de\/index.php?rest_route=%2Fwp%2Fv2%2Fcategories&post=3938"},{"taxonomy":"post_tag","embeddable":true,"href":"https:\/\/www.projekt-kirche.de\/index.php?rest_route=%2Fwp%2Fv2%2Ftags&post=3938"}],"curies":[{"name":"wp","href":"https:\/\/api.w.org\/{rel}","templated":true}]}}