{"id":3980,"date":"2015-08-04T07:21:32","date_gmt":"2015-08-04T05:21:32","guid":{"rendered":"http:\/\/www.projekt-kirche.de\/?p=3980"},"modified":"2020-05-09T04:44:26","modified_gmt":"2020-05-09T02:44:26","slug":"gib-nicht-auf","status":"publish","type":"post","link":"https:\/\/www.projekt-kirche.de\/?p=3980","title":{"rendered":"Gib&#8217; nicht auf!"},"content":{"rendered":"<div class=\"shariff\" data-title=\"Gib&#8217; nicht auf!\" data-info-url=\"http:\/\/ct.de\/-2467514\" data-backend-url=\"https:\/\/www.projekt-kirche.de\/wp-content\/plugins\/shariff-sharing\/backend\/index.php\" data-temp=\"\/tmp\" data-ttl=\"60\" data-service=\"gftr\" data-services='[\"googleplus\",\"facebook\",\"twitter\",\"reddit\",\"info\"]' data-image=\"\" data-url=\"https:\/\/www.projekt-kirche.de\/?p=3980\" data-lang=\"de\" data-theme=\"colored\" data-orientation=\"horizontal\"><\/div><p>Ein sch\u00f6ner Trost und eine gute Motivation, in schwierigen Situationen nicht aufzugeben:<br \/>\n<!--more--><\/p>\n<blockquote><p>Wenn wir eines Tages von unabwendbaren Pr\u00fcfungen heimgesucht werden, sollten wir uns erinnern, dass Jesus uns geboten hat, ins Boot zu steigen und dass er will, dass wir ihm voraus \u201ezum anderen Ufer\u201c \u00fcbersetzen (<a href=\"https:\/\/www.bibleserver.com\/NLB\/Matth%C3%A4us14%2C22-36\" class=\"bibleserver extern\" target=\"_blank\" rel=\"noopener noreferrer\">Mt 14,22-36<\/a>). Denn f\u00fcr diejenigen, die niemals von den Wellen und dem Gegenwind erprobt worden sind, ist es unm\u00f6glich dorthin zu gelangen. So sollten wir, wenn wir uns von zahlreichen und erm\u00fcdenden Problemen umgeben sehen, wenn wir wegen unserer Unf\u00e4higkeiten schon vom Kurs halten ganz ersch\u00f6pft sind, uns vorstellen, dass sich unser Boot dann in der Mitte der aufgew\u00fchlten See befindet, von Wellen durchgesch\u00fcttelt, die gerne mitansehen w\u00fcrden, wie wir \u201eim Glauben\u201c oder einer anderen Tugend\u00a0\u00a0\u201eSchiffbruch erleiden\u201c (<a href=\"https:\/\/www.bibleserver.com\/NLB\/1.Timotheus1%2C19\" class=\"bibleserver extern\" target=\"_blank\" rel=\"noopener noreferrer\">1 Tim 1,19<\/a>). Und wenn wir sehen, wie der Atemzug des B\u00f6sen \u00fcber dem, was wir unternehmen, einbricht, stellen wir uns vor, dass dies die Zeit des Gegenwindes ist. Wenn wir dann &#8211; inmitten in der Bedr\u00e4ngnis &#8211; \u00fcber viele Stunden in dieser dunklen Nacht, die in Zeiten der Pr\u00fcfungen das Zepter f\u00fchrt, ausgeharrt haben, wenn wir nach unseren besten Kr\u00e4ften gek\u00e4mpft haben, indem wir uns bem\u00fchten, keinen \u201eSchiffbruch im Glauben\u201c zu erleiden&#8230;, sollten wir gewiss sein, dass am Ende der Nacht, wenn \u201edie Nacht vorger\u00fcckt ist, und der Tag nahe ist\u201c (vgl. <a href=\"https:\/\/www.bibleserver.com\/NLB\/R%C3%B6mer13%2C12\" class=\"bibleserver extern\" target=\"_blank\" rel=\"noopener noreferrer\">R\u00f6m 13,12<\/a>), der Sohn Gottes \u00fcber die Wellen hinweg zu uns kommen wird, um f\u00fcr uns das Meer zu bes\u00e4nftigen. (Origenes (um 185-253), Priester und Theologe in &#8220;Kommentar zum Evangelium nach Matth\u00e4us, Buch XI, Kap. 6&#8221;, zitiert aus <a href=\"http:\/\/www.evangeliumtagfuertag.org\">Evangelium Tag f\u00fcr Tag<\/a>) <\/p>\n<\/blockquote>\n","protected":false},"excerpt":{"rendered":"<p>Ein sch\u00f6ner Trost und eine gute Motivation, in schwierigen Situationen nicht aufzugeben:<\/p>\n","protected":false},"author":1,"featured_media":0,"comment_status":"open","ping_status":"open","sticky":false,"template":"","format":"standard","meta":{"jetpack_post_was_ever_published":false,"_jetpack_newsletter_access":"","_jetpack_dont_email_post_to_subs":false,"_jetpack_newsletter_tier_id":0,"_jetpack_memberships_contains_paywalled_content":false,"_jetpack_memberships_contains_paid_content":false,"footnotes":""},"categories":[2],"tags":[244],"class_list":["post-3980","post","type-post","status-publish","format-standard","hentry","category-allgemein","tag-pruefungen"],"jetpack_featured_media_url":"","jetpack_shortlink":"https:\/\/wp.me\/p4Sdv6-12c","jetpack_sharing_enabled":true,"_links":{"self":[{"href":"https:\/\/www.projekt-kirche.de\/index.php?rest_route=\/wp\/v2\/posts\/3980","targetHints":{"allow":["GET"]}}],"collection":[{"href":"https:\/\/www.projekt-kirche.de\/index.php?rest_route=\/wp\/v2\/posts"}],"about":[{"href":"https:\/\/www.projekt-kirche.de\/index.php?rest_route=\/wp\/v2\/types\/post"}],"author":[{"embeddable":true,"href":"https:\/\/www.projekt-kirche.de\/index.php?rest_route=\/wp\/v2\/users\/1"}],"replies":[{"embeddable":true,"href":"https:\/\/www.projekt-kirche.de\/index.php?rest_route=%2Fwp%2Fv2%2Fcomments&post=3980"}],"version-history":[{"count":4,"href":"https:\/\/www.projekt-kirche.de\/index.php?rest_route=\/wp\/v2\/posts\/3980\/revisions"}],"predecessor-version":[{"id":8561,"href":"https:\/\/www.projekt-kirche.de\/index.php?rest_route=\/wp\/v2\/posts\/3980\/revisions\/8561"}],"wp:attachment":[{"href":"https:\/\/www.projekt-kirche.de\/index.php?rest_route=%2Fwp%2Fv2%2Fmedia&parent=3980"}],"wp:term":[{"taxonomy":"category","embeddable":true,"href":"https:\/\/www.projekt-kirche.de\/index.php?rest_route=%2Fwp%2Fv2%2Fcategories&post=3980"},{"taxonomy":"post_tag","embeddable":true,"href":"https:\/\/www.projekt-kirche.de\/index.php?rest_route=%2Fwp%2Fv2%2Ftags&post=3980"}],"curies":[{"name":"wp","href":"https:\/\/api.w.org\/{rel}","templated":true}]}}