{"id":4017,"date":"2015-08-16T19:06:53","date_gmt":"2015-08-16T17:06:53","guid":{"rendered":"http:\/\/www.projekt-kirche.de\/?p=4017"},"modified":"2020-05-08T14:50:07","modified_gmt":"2020-05-08T12:50:07","slug":"von-der-erschaffung-der-welt-bis-zur-franzoesischen-revolution-teil-2","status":"publish","type":"post","link":"https:\/\/www.projekt-kirche.de\/?p=4017","title":{"rendered":"Von der Erschaffung der Welt bis zur Franz\u00f6sischen Revolution (Teil 2)"},"content":{"rendered":"<div class=\"shariff\" data-title=\"Von der Erschaffung der Welt bis zur Franz\u00f6sischen Revolution (Teil 2)\" data-info-url=\"http:\/\/ct.de\/-2467514\" data-backend-url=\"https:\/\/www.projekt-kirche.de\/wp-content\/plugins\/shariff-sharing\/backend\/index.php\" data-temp=\"\/tmp\" data-ttl=\"60\" data-service=\"gftr\" data-services='[\"googleplus\",\"facebook\",\"twitter\",\"reddit\",\"info\"]' data-image=\"\" data-url=\"https:\/\/www.projekt-kirche.de\/?p=4017\" data-lang=\"de\" data-theme=\"colored\" data-orientation=\"horizontal\"><\/div><p class=\"western\">Und hier folgt der Teil 2 aus der Serie &#8220;<a href=\"http:\/\/www.projekt-kirche.de\/?p=3904\">Von der Erschaffung der Welt bis zur Franz\u00f6sischen Revolution<\/a>&#8221; (aus \u201e<a href=\"https:\/\/books.google.de\/books\/about\/Kurzer_Abri%C3%9F_der_Religionsgeschichte_vo.html?id=XJoAAAAAcAAJ&amp;redir_esc=y\" target=\"_blank\" rel=\"noopener noreferrer\">Kurzer Abri\u00df der Religionsgeschichte von Anbeginn der Welt bis auf unsere Zeit<\/a>\u201c 1850\/1914; <a href=\"http:\/\/www.projekt-kirche.de\/?p=3904m\">Teil 1 &#8220;Von Erschaffung der Welt bis Abraham&#8221;<\/a>):<\/p>\n<h3 class=\"western\">Von Abraham bis Moses<br \/>\n<span style=\"font-size:medium\">(ungef\u00e4hr 2000-1500 v.Chr.)<\/span><\/h3>\n<p><!--more--><\/p>\n<p class=\"western\">6. Doch es sollte der wahre Glaube und die Hoffnung auf den k\u00fcnftigen Erl\u00f6ser nicht vollends von der Erde verschwinden. Zu diesem Ende w\u00e4hlte Gott den Abraham (2000 v. Chr.), schloss mit ihm einen eigenen Bund, und verhie\u00df ihm , da\u00df aus seinen Nachkommen der Messias hervorgehen werde, \u201ein dem alle V\u00f6lker der Erde sollten gesegnet werden.&#8221; (1 Mos. 12, 3). Deshalb zeichnete auch Gott die Nachkommen Abraham&#8217;s, welche Hebr\u00e4er, sp\u00e4ter auch Juden oder Israeliten hie\u00dfen, vor allen V\u00f6lkern aus, und offenbarte sich ihnen im Verlaufe der Zeiten oft und wunderbar.<a class=\"sdfootnoteanc\" href=\"#sdfootnote1sym\" name=\"sdfootnote1anc\"><sup>1<\/sup><\/a><\/p>\n<p class=\"western\">7. Um den Abraham zu pr\u00fcfen, befahl ihm Gott, auf dem Berge Moria seinen einzigen Sohn Isaak zu opfern. Abraham machte sich sogleich auf den Weg. Er selbst lud seinem Sohne das Holz zum Brandopfer auf, und ging mit ihm den Berg hinan. Oben angelangt legte sich Isaak willig auf das Holz zum Opfer hin. Gott aber rettete den frommen Isaak durch einen Engel, segnete den Abraham, und erneuerte ihm die fr\u00fcheren Verhei\u00dfungen.<\/p>\n<p class=\"kleingedruckt-western\">Isaak war hier ein Vorbild des k\u00fcnftigen Welterl\u00f6sers, der aus Gehorsam das Kreuzholz auf seine Schultern nahm, und es den Kalvarienberg hinauf trug, um sich am Kreuze f\u00fcr uns zu opfern.<a class=\"sdfootnoteanc\" href=\"#sdfootnote2sym\" name=\"sdfootnote2anc\"><sup>2<\/sup><\/a><\/p>\n<p class=\"western\">8. Der Patriarch Jakob, Isaak&#8217;s Sohn, lebte mit seiner Familie im Lande Kanaan, wohin Gott den Abraham berufen hatte. Er hatte zw\u00f6lf S\u00f6hne, welche die Stammv\u00e4ter des Volkes Israel wurden. Einer von ihnen, Joseph, welchen Gott ausersehen hatte, durch seine Schicksale ein Vorbild Jesu Christi zu sein, kam, von seinen Br\u00fcdern verkauft, nach \u00c4gypten, wo er erst falsch angeklagt und ins Gef\u00e4ngnis geworfen, dann vom K\u00f6nige zum Ersten im Reiche erhoben wurde, und den Namen \u201eHeiland der Welt&#8221; bekam, als Retter in den Jahren schrecklicher Hungersnot. Auf seine Einladung zog auch Jakob nach \u00c4gypten, und lie\u00df sich dort mit seiner ganzen Familie h\u00e4uslich nieder. Vor seinem Hinscheiden sprach er die merkw\u00fcrdige Weissagung aus, dass das Zepter (die Herrschergewalt) nicht weichen werde von dem Stamm seines Sohnes Juda, bis derjenige komme, der gesandt werden solle, auf den die V\u00f6lker harren (1. Mos. 49, 10). Und wirklich wurde auch Christus , der Gottgesandte, nicht eher geboren, als bis ein Ausl\u00e4nder (Herodes) auf dem Thron der K\u00f6nige von Juda sa\u00df.<a class=\"sdfootnoteanc\" href=\"#sdfootnote3sym\" name=\"sdfootnote3anc\"><sup>3<\/sup><\/a><\/p>\n<div id=\"sdfootnote1\">\n<p class=\"sdfootnote-western\"><a class=\"sdfootnotesym\" href=\"#sdfootnote1anc\" name=\"sdfootnote1sym\">1<\/a>Sollte der wahre Glaube und die Hoffnung auf den Erl\u00f6ser ganz verschwinden? Was tat Gott, um dies zu verh\u00fcten? Wie hie\u00dfen die Nachkommen des Abraham? Was tat Gott ihnen zu Liebe?<\/p>\n<\/div>\n<div id=\"sdfootnote2\">\n<p class=\"sdfootnote-western\"><a class=\"sdfootnotesym\" href=\"#sdfootnote2anc\" name=\"sdfootnote2sym\">2<\/a>Wie pr\u00fcfte Gott den Abraham? Wie vollzog er Gottes Befehl? Wie benahm sich Isaak? Lie\u00df Gott zu, dass er get\u00f6tet wurde? Wie belohnte Gott den Abraham? Welche geheimnisvolle Bedeutung liegt in dem Opfer Isaak&#8217;s?<\/p>\n<\/div>\n<div id=\"sdfootnote3\">\n<p class=\"sdfootnote-western\"><a class=\"sdfootnotesym\" href=\"#sdfootnote3anc\" name=\"sdfootnote3sym\">3<\/a>Wer war Jakob, und wo lebte er? Wie viele S\u00f6hne hatte er, und was wurden sie in der Folge? Wozu war Joseph von Gott ausersehen? Welches waren seine Schicksale? Blieb Jakob immer in Kanaan? Welche merkw\u00fcrdige Weissagung haben wir von Jakob? Wie ging dieselbe in Erf\u00fcllung?<\/p>\n<p class=\"sdfootnote-western\">Fortsetzung folgt mit <a href=\"http:\/\/www.projekt-kirche.de\/?p=4053\">Teil 3 (\u201eVon Moses bis Saul\u201c)<\/a><\/p>\n<\/div>\n","protected":false},"excerpt":{"rendered":"<p>Und hier folgt der Teil 2 aus der Serie &#8220;Von der Erschaffung der Welt bis zur Franz\u00f6sischen Revolution&#8221; (aus \u201eKurzer Abri\u00df der Religionsgeschichte von Anbeginn der Welt bis auf unsere Zeit\u201c 1850\/1914; Teil 1 &#8220;Von Erschaffung der Welt bis Abraham&#8221;): Von Abraham bis Moses (ungef\u00e4hr 2000-1500 v.Chr.)<\/p>\n","protected":false},"author":1,"featured_media":0,"comment_status":"open","ping_status":"open","sticky":false,"template":"","format":"standard","meta":{"jetpack_post_was_ever_published":false,"_jetpack_newsletter_access":"","_jetpack_dont_email_post_to_subs":false,"_jetpack_newsletter_tier_id":0,"_jetpack_memberships_contains_paywalled_content":false,"_jetpack_memberships_contains_paid_content":false,"footnotes":""},"categories":[2],"tags":[114,224],"class_list":["post-4017","post","type-post","status-publish","format-standard","hentry","category-allgemein","tag-abraham","tag-moses"],"jetpack_featured_media_url":"","jetpack_shortlink":"https:\/\/wp.me\/p4Sdv6-12N","jetpack_sharing_enabled":true,"_links":{"self":[{"href":"https:\/\/www.projekt-kirche.de\/index.php?rest_route=\/wp\/v2\/posts\/4017","targetHints":{"allow":["GET"]}}],"collection":[{"href":"https:\/\/www.projekt-kirche.de\/index.php?rest_route=\/wp\/v2\/posts"}],"about":[{"href":"https:\/\/www.projekt-kirche.de\/index.php?rest_route=\/wp\/v2\/types\/post"}],"author":[{"embeddable":true,"href":"https:\/\/www.projekt-kirche.de\/index.php?rest_route=\/wp\/v2\/users\/1"}],"replies":[{"embeddable":true,"href":"https:\/\/www.projekt-kirche.de\/index.php?rest_route=%2Fwp%2Fv2%2Fcomments&post=4017"}],"version-history":[{"count":2,"href":"https:\/\/www.projekt-kirche.de\/index.php?rest_route=\/wp\/v2\/posts\/4017\/revisions"}],"predecessor-version":[{"id":7617,"href":"https:\/\/www.projekt-kirche.de\/index.php?rest_route=\/wp\/v2\/posts\/4017\/revisions\/7617"}],"wp:attachment":[{"href":"https:\/\/www.projekt-kirche.de\/index.php?rest_route=%2Fwp%2Fv2%2Fmedia&parent=4017"}],"wp:term":[{"taxonomy":"category","embeddable":true,"href":"https:\/\/www.projekt-kirche.de\/index.php?rest_route=%2Fwp%2Fv2%2Fcategories&post=4017"},{"taxonomy":"post_tag","embeddable":true,"href":"https:\/\/www.projekt-kirche.de\/index.php?rest_route=%2Fwp%2Fv2%2Ftags&post=4017"}],"curies":[{"name":"wp","href":"https:\/\/api.w.org\/{rel}","templated":true}]}}