{"id":4053,"date":"2015-08-24T20:17:33","date_gmt":"2015-08-24T18:17:33","guid":{"rendered":"http:\/\/www.projekt-kirche.de\/?p=4053"},"modified":"2020-05-08T14:50:06","modified_gmt":"2020-05-08T12:50:06","slug":"von-der-erschaffung-der-welt-bis-zur-franzoesischen-revolution-teil-3","status":"publish","type":"post","link":"https:\/\/www.projekt-kirche.de\/?p=4053","title":{"rendered":"Von der Erschaffung der Welt bis zur Franz\u00f6sischen Revolution (Teil 3)"},"content":{"rendered":"<div class=\"shariff\" data-title=\"Von der Erschaffung der Welt bis zur Franz\u00f6sischen Revolution (Teil 3)\" data-info-url=\"http:\/\/ct.de\/-2467514\" data-backend-url=\"https:\/\/www.projekt-kirche.de\/wp-content\/plugins\/shariff-sharing\/backend\/index.php\" data-temp=\"\/tmp\" data-ttl=\"60\" data-service=\"gftr\" data-services='[\"googleplus\",\"facebook\",\"twitter\",\"reddit\",\"info\"]' data-image=\"\" data-url=\"https:\/\/www.projekt-kirche.de\/?p=4053\" data-lang=\"de\" data-theme=\"colored\" data-orientation=\"horizontal\"><\/div><p>Und hier folgt der Teil 3 aus der Serie \u201e<a href=\"http:\/\/www.projekt-kirche.de\/?p=3904\">Von der Erschaffung der Welt bis zur Franz\u00f6sischen Revolution<\/a>\u201c (aus \u201e<a href=\"https:\/\/books.google.de\/books\/about\/Kurzer_Abri%C3%9F_der_Religionsgeschichte_vo.html?id=XJoAAAAAcAAJ&amp;redir_esc=y\" target=\"_blank\" rel=\"noopener noreferrer\">Kurzer Abri\u00df der Religionsgeschichte von Anbeginn der Welt bis auf unsere Zeit<\/a>\u201c 1850\/1914; <a href=\"http:\/\/www.projekt-kirche.de\/?p=4017\">Teil 2 \u201eVon Abraham bis Moses\u201c<\/a>):<\/p>\n<h3 class=\"western\">Von Moses bis Saul<br \/>\n<span style=\"font-size:medium\">(ungef\u00e4hr 1500-1095 v.Chr.)<\/span><\/h3>\n<p><!--more--><\/p>\n<p class=\"western\">9. Nach Joseph&#8217;s Tod wurden die Israeliten zu einem gro\u00dfen Volk, mussten aber von den \u00c4gyptern die h\u00e4rteste Knechtschaft erdulden, bis endlich Gott dem Moses in einer Feuerflamme mitten aus einem Dornbusch erschien, und ihm den Auftrag gab, die Kinder Israels nach Kanaan zur\u00fcckzuf\u00fchren. (1500 v. Chr.). Jedoch der Pharao, der \u00e4gyptische K\u00f6nig, wollte sie nicht ziehen lassen. Da sandte der Allerh\u00f6chste schreckliche Plagen \u00fcber \u00c4gypten und zuletzt einen Engel, der alle Erstgeborenen der \u00c4gypter in eine Nacht t\u00f6tete. Den Israeliten aber nahte der W\u00fcrgengel nicht, weil sie ihre Haust\u00fcren besprengt hatten mit dem Blut des Osterlammes, welches sie auf Gottes Gehei\u00df in derselben Nacht a\u00dfen.<\/p>\n<p class=\"kleingedruckt-western\">Es war dies eine Vorbedeutung, wie einst die Menschen durch das Blut Jesu Christi, des wahren g\u00f6ttlichen Osterlammes, das wir im heiligen Abendmahl genie\u00dfen, vom ewigen Tod sollten gerettet werden.<a class=\"sdfootnoteanc\" href=\"#sdfootnote1sym\" name=\"sdfootnote1anc\"><sup>1<\/sup><\/a><\/p>\n<p class=\"western\">10. Hierauf lie\u00df der Pharao die Israeliten ziehen. Bald aber reute es ihn. Eiligst versammelte er seine Kriegsscharen, und setzte den wehrlosen Israeliten nach. Diese flehten voll Angst und Schrecken zu Gott um Hilfe. Da streckte Moses auf Gottes Befehl seinen Stab aus \u00fcber das rote Meer; und sieh, das Meer teilte sich vor ihnen. Wie Mauern stand rechts und links das Wasser, und trockenen Fu\u00dfes zogen sie hindurch. Der Pharao eilte w\u00fctend nach, mitten hinein ins Meer; jedoch pl\u00f6tzlich schlugen die Fluten, indem Moses seinen Stab nochmals \u00fcber sie ausstreckte, wieder zusammen, und begruben ihn mit seiner ganzen Heeresmacht.<a class=\"sdfootnoteanc\" href=\"#sdfootnote2sym\" name=\"sdfootnote2anc\"><sup>2<\/sup><\/a><\/p>\n<p class=\"western\">11. Die Kinder Israels mussten nun durch eine gro\u00dfe W\u00fcste ziehen und kamen an den Berg Sinai. Hier gab ihnen Gott unter Blitz und Donner die zehn Gebote, auf zwei steinernen Tafeln geschrieben, erneuerte auch den Bund, welchen er mit ihren V\u00e4tern geschlossen hatte, und ordnete ihren Gottesdienst und ihre b\u00fcrgerliche Verfassung durch h\u00f6chst wohlt\u00e4tige Gesetze. Aber das Volk verga\u00df sogleich Gottes Gebote und Wohltaten, klagte und murrte ohne Unterlass, ja verging sich so sehr, dass es ein goldenes Kall gie\u00dfen lie\u00df, und dasselbe anbetete.<a class=\"sdfootnoteanc\" href=\"#sdfootnote3sym\" name=\"sdfootnote3anc\"><sup>3<\/sup><\/a><\/p>\n<p class=\"western\">12. F\u00fcr ihre schweren und vielfachen Vergehen mussten die Israeliten 40 Jahre in der W\u00fcste verbleiben, bis ein anderes besseres Geschlecht herangewachsen war. Doch h\u00f6rte Gott nicht auf, ihnen Gutes zu erweisen. Er lie\u00df ihnen Brot (Manna) vom Himmel regnen, gab ihnen Wasser aus einem Felsen, und f\u00fchrte sie schlie\u00dflich nach Mose Tode in das gelobte Land Kanaan oder Pal\u00e4stina, welches sie durch seinen m\u00e4chtigen Beistand eroberten, und unter sich nach den 12 St\u00e4mmen verteilten.<\/p>\n<p class=\"kleingedruckt-western\">Dies alles war eine Vorbedeutung des k\u00fcnftigen Heils (<a href=\"https:\/\/www.bibleserver.com\/NLB\/1.Korinther10%2C6\" class=\"bibleserver extern\" target=\"_blank\" rel=\"noopener noreferrer\">1.Kor. 10, 6<\/a>). &#8211; Die Befreiung aus der \u00e4gyptischen Knechtschaft bedeutet unsere Befreiung aus der Knechtschaft des Satans durch Jesus Christus. &#8211; Der Zug durch die W\u00fcste bedeutet unsere Pilgerschaft auf Erden, wo Gott uns seine Gesetze gibt, uns mit dem wahren Himmelsbrot n\u00e4hrt, und ans den Lebensquellen der Gnade st\u00e4rkt, &#8211; Das gelobte Land weist auf den Himmel hin, den wir mit Kampf erobern und ewig besitzen sollen.<a class=\"sdfootnoteanc\" href=\"#sdfootnote4sym\" name=\"sdfootnote4anc\"><sup>4<\/sup><\/a><\/p>\n<p class=\"western\">13. In diesem sch\u00f6nen Land lebten sie gl\u00fccklich und gesegnet vom Herrn, bis sie gegen Gottes Gebot eheliche Verbindungen mit den Heiden eingingen, und dadurch wieder in Laster und Abg\u00f6tterei verfielen. So oft sie nun vom Allerh\u00f6chsten sich abwandten, gab er sie in die Gewalt ihrer Feinde: kehrten sie aber zur\u00fcck, so erweckte er unter ihnen fromme Helden, Richter genannt, wie Gideon, Jiftach, Samson, welche sie von ihren Feinden befreiten.<a class=\"sdfootnoteanc\" href=\"#sdfootnote5sym\" name=\"sdfootnote5anc\"><sup>5<\/sup><\/a><\/p>\n<div id=\"sdfootnote1\">\n<p class=\"sdfootnote-western\"><a class=\"sdfootnotesym\" href=\"#sdfootnote1anc\" name=\"sdfootnote1sym\">1<\/a>Wie erging es den Nachkommen Israels in \u00c4gypten? Wen berief Gott zu ihrer Befreiung? Wie berief er den Moses? Wurde diese Befreiung leicht bewerkstelligt? Was tat Gott deshalb den \u00c4gyptern? Schadete der Engel auch den Israeliten ? Warum schadete er ihnen nicht? Was bedeutete das Blut des Osterlammes?<\/p>\n<\/div>\n<div id=\"sdfootnote2\">\n<p class=\"sdfootnote-western\"><a class=\"sdfootnotesym\" href=\"#sdfootnote2anc\" name=\"sdfootnote2sym\">2<\/a>War es dem Pharao Ernst, als er die Israeliten ziehen lie\u00df! Was tat er? Was taten ihrerseits die Israeliten? Wie wurden sie gerettet? Wie strafte Gott den Pharao?<\/p>\n<\/div>\n<div id=\"sdfootnote3\">\n<p class=\"sdfootnote-western\"><a class=\"sdfootnotesym\" href=\"#sdfootnote3anc\" name=\"sdfootnote3sym\">3<\/a>Kamen nun die Israeliten gleich nach Kanaan? Was geschah am Berg Sinai? Gab Gott den Israeliten hier blo\u00df die zehn Gebote? Waren sie dankbar f\u00fcr so viele Wohltaten?<\/p>\n<\/div>\n<div id=\"sdfootnote4\">\n<p class=\"sdfootnote-western\"><a class=\"sdfootnotesym\" href=\"#sdfootnote4anc\" name=\"sdfootnote4sym\">4<\/a>Wie wurde ihr Undank bestraft? Verstie\u00df sie Gott v\u00f6llig? Welche Wohltaten erwies er ihnen noch? Wann und wie kamen sie in das Land Kanaan? Liegt nicht in diesem Allem eine Vorbedeutung? Was bedeutet die Befreiung aus \u00c4gypten? Was bedeutet der Zug durch die W\u00fcste? An was erinnert uns das gelobte Land?<\/p>\n<\/div>\n<div id=\"sdfootnote5\">\n<p class=\"sdfootnote-western\"><a class=\"sdfootnotesym\" href=\"#sdfootnote5anc\" name=\"sdfootnote5sym\">5<\/a>Wie lange dauerte die Wohlfahrt der Israeliten in Kanaan? Wie erging es ihnen, wenn sie Gott beleidigten? Wie half ihnen Gott, wenn sie wieder Bu\u00dfe taten?<\/p>\n<p class=\"sdfootnote-western\">(Fortsetzung folgt)<\/p>\n<\/div>\n","protected":false},"excerpt":{"rendered":"<p>Und hier folgt der Teil 3 aus der Serie \u201eVon der Erschaffung der Welt bis zur Franz\u00f6sischen Revolution\u201c (aus \u201eKurzer Abri\u00df der Religionsgeschichte von Anbeginn der Welt bis auf unsere Zeit\u201c 1850\/1914; Teil 2 \u201eVon Abraham bis Moses\u201c): Von Moses bis Saul (ungef\u00e4hr 1500-1095 v.Chr.)<\/p>\n","protected":false},"author":1,"featured_media":0,"comment_status":"open","ping_status":"open","sticky":false,"template":"","format":"standard","meta":{"jetpack_post_was_ever_published":false,"_jetpack_newsletter_access":"","_jetpack_dont_email_post_to_subs":false,"_jetpack_newsletter_tier_id":0,"_jetpack_memberships_contains_paywalled_content":false,"_jetpack_memberships_contains_paid_content":false,"footnotes":""},"categories":[2],"tags":[224,253],"class_list":["post-4053","post","type-post","status-publish","format-standard","hentry","category-allgemein","tag-moses","tag-saul"],"jetpack_featured_media_url":"","jetpack_shortlink":"https:\/\/wp.me\/p4Sdv6-13n","jetpack_sharing_enabled":true,"_links":{"self":[{"href":"https:\/\/www.projekt-kirche.de\/index.php?rest_route=\/wp\/v2\/posts\/4053","targetHints":{"allow":["GET"]}}],"collection":[{"href":"https:\/\/www.projekt-kirche.de\/index.php?rest_route=\/wp\/v2\/posts"}],"about":[{"href":"https:\/\/www.projekt-kirche.de\/index.php?rest_route=\/wp\/v2\/types\/post"}],"author":[{"embeddable":true,"href":"https:\/\/www.projekt-kirche.de\/index.php?rest_route=\/wp\/v2\/users\/1"}],"replies":[{"embeddable":true,"href":"https:\/\/www.projekt-kirche.de\/index.php?rest_route=%2Fwp%2Fv2%2Fcomments&post=4053"}],"version-history":[{"count":4,"href":"https:\/\/www.projekt-kirche.de\/index.php?rest_route=\/wp\/v2\/posts\/4053\/revisions"}],"predecessor-version":[{"id":8383,"href":"https:\/\/www.projekt-kirche.de\/index.php?rest_route=\/wp\/v2\/posts\/4053\/revisions\/8383"}],"wp:attachment":[{"href":"https:\/\/www.projekt-kirche.de\/index.php?rest_route=%2Fwp%2Fv2%2Fmedia&parent=4053"}],"wp:term":[{"taxonomy":"category","embeddable":true,"href":"https:\/\/www.projekt-kirche.de\/index.php?rest_route=%2Fwp%2Fv2%2Fcategories&post=4053"},{"taxonomy":"post_tag","embeddable":true,"href":"https:\/\/www.projekt-kirche.de\/index.php?rest_route=%2Fwp%2Fv2%2Ftags&post=4053"}],"curies":[{"name":"wp","href":"https:\/\/api.w.org\/{rel}","templated":true}]}}