{"id":4135,"date":"2015-09-07T07:22:32","date_gmt":"2015-09-07T05:22:32","guid":{"rendered":"http:\/\/www.projekt-kirche.de\/?p=4135"},"modified":"2020-05-08T21:35:39","modified_gmt":"2020-05-08T19:35:39","slug":"jesus-hat-fuer-dich-gelitten","status":"publish","type":"post","link":"https:\/\/www.projekt-kirche.de\/?p=4135","title":{"rendered":"Jesus hat f\u00fcr dich gelitten"},"content":{"rendered":"<div class=\"shariff\" data-title=\"Jesus hat f\u00fcr dich gelitten\" data-info-url=\"http:\/\/ct.de\/-2467514\" data-backend-url=\"https:\/\/www.projekt-kirche.de\/wp-content\/plugins\/shariff-sharing\/backend\/index.php\" data-temp=\"\/tmp\" data-ttl=\"60\" data-service=\"gftr\" data-services='[\"googleplus\",\"facebook\",\"twitter\",\"reddit\",\"info\"]' data-image=\"\" data-url=\"https:\/\/www.projekt-kirche.de\/?p=4135\" data-lang=\"de\" data-theme=\"colored\" data-orientation=\"horizontal\"><\/div><p>Ich denke, dass wir viel zu oft vergessen, was Jesus f\u00fcr uns aus Liebe getan hat. Er hat f\u00fcr uns gelitten, damit wir leben k\u00f6nnen. Sind wir uns dessen bewusst? Sind wir dankbar daf\u00fcr? Oder ignorieren wir Jesu Barmherzigkeit und leben ein Leben wie Menschen, die Jesus nicht kennen?<br \/>\n<!--more--><br \/>\nDer M\u00f6nch und Bischof C\u00e4sarius von Arles (470-543) hat dazu (in &#8220;Predigten an das Volk, Nr 57,4&#8221;) geschrieben:<\/p>\n<blockquote><p>Der Herr wird zu denen, die seine Barmherzigkeit geringgesch\u00e4tzt haben, sagen: \u201eMensch, ich habe dich mit meinen H\u00e4nden aus Schlamm geformt, habe den Geist in deinen irdenen K\u00f6rper gehaucht, habe dich unseres Abbildes gew\u00fcrdigt und dich mitten in die Freuden des Paradieses gesetzt. Du aber hast die Gebote des Lebens missachtet und bist lieber dem Verf\u00fchrer als dem Herrn gefolgt\u2026\u201c\u201eDann, als du aus dem Paradies vertrieben und durch die S\u00fcnde an den Tod gefesselt warst, bin ich aus Barmherzigkeit, um in die Welt zu kommen, in einen jungfr\u00e4ulichen Scho\u00df eingetreten, ohne seine Jungfr\u00e4ulichkeit zu besch\u00e4digen. Ich lag in Windeln in einer Krippe und habe die Unbilden der Kindheit und menschliches Leid ertragen, wodurch ich mich dir \u00e4hnlich machte, in der alleinigen Absicht, dich mir \u00e4hnlich zu machen. Ich habe die Schl\u00e4ge und die Spucke derer hingenommen, die sich \u00fcber mich lustig machten, und habe den Essig mit Galle getrunken. Mit Ruten geschlagen, mit Dornen gekr\u00f6nt, ans Kreuz geschlagen, von der Lanze durchbohrt, habe ich unter Qualen meinen Geist aufgegeben, um dich dem Tode zu entrei\u00dfen. Sieh das Mal der N\u00e4gel, an denen ich hing; sieh meine durchbohrte Seite. Ich habe deine Leiden auf mich genommen, um dich mit meiner Hoheit zu beschenken. Ich habe deinen Tod auf mich genommen, damit du f\u00fcr die Ewigkeit lebst. Ich bin im Grab gelegen, damit du im Himmel herrschst.\u201c\u201eWarum hast du verloren, was ich f\u00fcr dich gelitten habe? Warum hast du die Gnade deiner Erl\u00f6sung ausgeschlagen? Gib mir dein Leben, f\u00fcr das ich meines gegeben habe; gib mir dein Leben, das du unaufh\u00f6rlich durch deine S\u00fcnden verletzt und damit zerst\u00f6rst.\u201c<\/p><\/blockquote>\n<p>(zitiert aus <a href=\"http:\/\/www.evangeliumtagfuertag.org\">Evangelium Tag f\u00fcr Tag<\/a>)<\/p>\n","protected":false},"excerpt":{"rendered":"<p>Ich denke, dass wir viel zu oft vergessen, was Jesus f\u00fcr uns aus Liebe getan hat. Er hat f\u00fcr uns gelitten, damit wir leben k\u00f6nnen. Sind wir uns dessen bewusst? Sind wir dankbar daf\u00fcr? Oder ignorieren wir Jesu Barmherzigkeit und leben ein Leben wie Menschen, die Jesus nicht kennen?<\/p>\n","protected":false},"author":1,"featured_media":0,"comment_status":"open","ping_status":"open","sticky":false,"template":"","format":"standard","meta":{"jetpack_post_was_ever_published":false,"_jetpack_newsletter_access":"","_jetpack_dont_email_post_to_subs":false,"_jetpack_newsletter_tier_id":0,"_jetpack_memberships_contains_paywalled_content":false,"_jetpack_memberships_contains_paid_content":false,"footnotes":""},"categories":[2],"tags":[126,187,205],"class_list":["post-4135","post","type-post","status-publish","format-standard","hentry","category-allgemein","tag-barmherzigkeit","tag-jesus","tag-kreuz"],"jetpack_featured_media_url":"","jetpack_shortlink":"https:\/\/wp.me\/p4Sdv6-14H","jetpack_sharing_enabled":true,"_links":{"self":[{"href":"https:\/\/www.projekt-kirche.de\/index.php?rest_route=\/wp\/v2\/posts\/4135","targetHints":{"allow":["GET"]}}],"collection":[{"href":"https:\/\/www.projekt-kirche.de\/index.php?rest_route=\/wp\/v2\/posts"}],"about":[{"href":"https:\/\/www.projekt-kirche.de\/index.php?rest_route=\/wp\/v2\/types\/post"}],"author":[{"embeddable":true,"href":"https:\/\/www.projekt-kirche.de\/index.php?rest_route=\/wp\/v2\/users\/1"}],"replies":[{"embeddable":true,"href":"https:\/\/www.projekt-kirche.de\/index.php?rest_route=%2Fwp%2Fv2%2Fcomments&post=4135"}],"version-history":[{"count":2,"href":"https:\/\/www.projekt-kirche.de\/index.php?rest_route=\/wp\/v2\/posts\/4135\/revisions"}],"predecessor-version":[{"id":6478,"href":"https:\/\/www.projekt-kirche.de\/index.php?rest_route=\/wp\/v2\/posts\/4135\/revisions\/6478"}],"wp:attachment":[{"href":"https:\/\/www.projekt-kirche.de\/index.php?rest_route=%2Fwp%2Fv2%2Fmedia&parent=4135"}],"wp:term":[{"taxonomy":"category","embeddable":true,"href":"https:\/\/www.projekt-kirche.de\/index.php?rest_route=%2Fwp%2Fv2%2Fcategories&post=4135"},{"taxonomy":"post_tag","embeddable":true,"href":"https:\/\/www.projekt-kirche.de\/index.php?rest_route=%2Fwp%2Fv2%2Ftags&post=4135"}],"curies":[{"name":"wp","href":"https:\/\/api.w.org\/{rel}","templated":true}]}}