{"id":4234,"date":"2015-09-19T15:33:43","date_gmt":"2015-09-19T13:33:43","guid":{"rendered":"http:\/\/www.projekt-kirche.de\/?p=4234"},"modified":"2020-05-08T21:35:37","modified_gmt":"2020-05-08T19:35:37","slug":"frau-und-mann-im-dienst-jesu-2","status":"publish","type":"post","link":"https:\/\/www.projekt-kirche.de\/?p=4234","title":{"rendered":"Frau und Mann im Dienst Jesu"},"content":{"rendered":"<div class=\"shariff\" data-title=\"Frau und Mann im Dienst Jesu\" data-info-url=\"http:\/\/ct.de\/-2467514\" data-backend-url=\"https:\/\/www.projekt-kirche.de\/wp-content\/plugins\/shariff-sharing\/backend\/index.php\" data-temp=\"\/tmp\" data-ttl=\"60\" data-service=\"gftr\" data-services='[\"googleplus\",\"facebook\",\"twitter\",\"reddit\",\"info\"]' data-image=\"\" data-url=\"https:\/\/www.projekt-kirche.de\/?p=4234\" data-lang=\"de\" data-theme=\"colored\" data-orientation=\"horizontal\"><\/div><p>Heutzutage wird ja viel \u00fcber die Bedeutung der Geschlechter und die Gleichberechtigung von Mann und Frau diskutiert. Und auch in der Kirche wird immer wieder gefordert, dass die Frauen mehr Einfluss und Leitungsbefugnisse erhalten sollen.<br \/>\nWie war das denn zur Zeit Jesu? Welche Rolle spielten die Frauen damals und wie sieht es die Kirche heute?<br \/>\nDazu mal ein Text aus dem Lukas-Evangelium und ein Text von Papst Johannes Paul II.<br \/>\n<!--more--><br \/>\nEvangelium nach <a href=\"https:\/\/www.bibleserver.com\/text\/SLT\/Lukas8%2C1-3\" class=\"bibleserver extern\" target=\"_blank\" rel=\"noopener noreferrer\">Lukas 8,1-3<\/a>.<\/p>\n<blockquote><p>In jener Zeit wanderte Jesus von Stadt zu Stadt und von Dorf zu Dorf und verk\u00fcndete das Evangelium vom Reich Gottes. Die Zw\u00f6lf begleiteten ihn,<br \/>\nau\u00dferdem einige Frauen, die er von b\u00f6sen Geistern und von Krankheiten geheilt hatte: Maria Magdalene, aus der sieben D\u00e4monen ausgefahren waren,<br \/>\nJohanna, die Frau des Chuzas, eines Beamten des Herodes, Susanna und viele andere. Sie alle unterst\u00fctzten Jesus und die J\u00fcnger mit dem, was sie besa\u00dfen.<\/p><\/blockquote>\n<p>Hl. Johannes Paul II. (1920-2005), Papst<\/p>\n<p>Apostolisches Schreiben \u201eMulieris Dignitatem\u201c \u00a7 16 (\u00a9 Liberia Editrice Vaticana)<\/p>\n<blockquote><p>Die Tatsache, Mann oder Frau zu sein, f\u00fchrt hier zu keinerlei Einschr\u00e4nkung, ebensowenig wie, nach den bekannten Worten des Apostels, jenes Heilswirken des Geistes im Menschen dadurch eingeschr\u00e4nkt wird, da\u00df einer \u00bbJude oder Grieche, Sklave oder Freier\u00ab ist: \u00bbDenn ihr alle seid einerin Christus Jesus\u00ab (<a href=\"https:\/\/www.bibleserver.com\/NLB\/Galater3%2C28\" class=\"bibleserver extern\" target=\"_blank\" rel=\"noopener noreferrer\">Gal 3, 28<\/a>). Diese Einheit hebt die Verschiedenheit nicht auf. Der Heilige Geist, der in der \u00fcbernat\u00fcrlichen Ordnung der heiligmachenden Gnade eine solche Einheit bewirkt, tr\u00e4gt in gleichem Ma\u00dfe dazu bei, da\u00df \u00bbeure S\u00f6hne Propheten werden\u00ab, wie dazu, da\u00df auch \u00bbeure T\u00f6chter\u00ab es werden. \u00bbProphetsein\u00ab hei\u00dft, unter Wahrung der Wahrheit und Eigenart der je eigenen Person, sei es Mann oder Frau, mit Wort und Leben \u00bbdie gro\u00dfen Taten Gottes verk\u00fcnden\u00ab (vgl.<a href=\"https:\/\/www.bibleserver.com\/NLB\/Apostelgeschichte2%2C11\" class=\"bibleserver extern\" target=\"_blank\" rel=\"noopener noreferrer\">Apg 2, 11<\/a>). Die \u00bbGleichheit\u00ab nach dem Evangelium, die \u00bbGleichberechtigung\u00ab von Frau und Mann vor den \u00bbgro\u00dfen Taten Gottes\u00ab, wie sie im Wirken und Reden Jesu von Nazaret mit solcher Klarheit offenkundig geworden ist, bildet die deutlichste Grundlage f\u00fcr W\u00fcrde und Berufung der Frau in Kirche und Welt. Jede Berufung hat ihren tief pers\u00f6nlichen und prophetischen Sinn. In der so verstandenen Berufung erreicht das Frauliche in einer Person ein neues Ma\u00df: Es ist das Ma\u00df der \u00bbgro\u00dfen Taten Gottes\u00ab, zu deren lebendigem Tr\u00e4ger und unersetzlicher Zeugin die Frau wird Frau und Mann im Dienst Jesu .<\/p><\/blockquote>\n<p>(zitiert aus <a href=\"http:\/\/www.evangeliumtagfuertag.org\" target=\"_blank\" rel=\"noopener noreferrer\">Evangelium Tag f\u00fcr Tag<\/a>)<\/p>\n","protected":false},"excerpt":{"rendered":"<p>Heutzutage wird ja viel \u00fcber die Bedeutung der Geschlechter und die Gleichberechtigung von Mann und Frau diskutiert. Und auch in der Kirche wird immer wieder gefordert, dass die Frauen mehr Einfluss und Leitungsbefugnisse erhalten sollen. Wie war das denn zur Zeit Jesu? Welche Rolle spielten die Frauen damals und wie sieht es die Kirche heute? [&hellip;]<\/p>\n","protected":false},"author":1,"featured_media":0,"comment_status":"open","ping_status":"open","sticky":false,"template":"","format":"standard","meta":{"jetpack_post_was_ever_published":false,"_jetpack_newsletter_access":"","_jetpack_dont_email_post_to_subs":false,"_jetpack_newsletter_tier_id":0,"_jetpack_memberships_contains_paywalled_content":false,"_jetpack_memberships_contains_paid_content":false,"footnotes":""},"categories":[2],"tags":[154,167,218],"class_list":["post-4234","post","type-post","status-publish","format-standard","hentry","category-allgemein","tag-frau","tag-geschlechter","tag-mann"],"jetpack_featured_media_url":"","jetpack_shortlink":"https:\/\/wp.me\/p4Sdv6-16i","jetpack_sharing_enabled":true,"_links":{"self":[{"href":"https:\/\/www.projekt-kirche.de\/index.php?rest_route=\/wp\/v2\/posts\/4234","targetHints":{"allow":["GET"]}}],"collection":[{"href":"https:\/\/www.projekt-kirche.de\/index.php?rest_route=\/wp\/v2\/posts"}],"about":[{"href":"https:\/\/www.projekt-kirche.de\/index.php?rest_route=\/wp\/v2\/types\/post"}],"author":[{"embeddable":true,"href":"https:\/\/www.projekt-kirche.de\/index.php?rest_route=\/wp\/v2\/users\/1"}],"replies":[{"embeddable":true,"href":"https:\/\/www.projekt-kirche.de\/index.php?rest_route=%2Fwp%2Fv2%2Fcomments&post=4234"}],"version-history":[{"count":4,"href":"https:\/\/www.projekt-kirche.de\/index.php?rest_route=\/wp\/v2\/posts\/4234\/revisions"}],"predecessor-version":[{"id":8523,"href":"https:\/\/www.projekt-kirche.de\/index.php?rest_route=\/wp\/v2\/posts\/4234\/revisions\/8523"}],"wp:attachment":[{"href":"https:\/\/www.projekt-kirche.de\/index.php?rest_route=%2Fwp%2Fv2%2Fmedia&parent=4234"}],"wp:term":[{"taxonomy":"category","embeddable":true,"href":"https:\/\/www.projekt-kirche.de\/index.php?rest_route=%2Fwp%2Fv2%2Fcategories&post=4234"},{"taxonomy":"post_tag","embeddable":true,"href":"https:\/\/www.projekt-kirche.de\/index.php?rest_route=%2Fwp%2Fv2%2Ftags&post=4234"}],"curies":[{"name":"wp","href":"https:\/\/api.w.org\/{rel}","templated":true}]}}