{"id":4304,"date":"2015-11-08T19:49:43","date_gmt":"2015-11-08T18:49:43","guid":{"rendered":"http:\/\/www.projekt-kirche.de\/?p=4304"},"modified":"2020-05-08T23:39:29","modified_gmt":"2020-05-08T21:39:29","slug":"impressionen-zum-oekumenischen-lobpreisabend","status":"publish","type":"post","link":"https:\/\/www.projekt-kirche.de\/?p=4304","title":{"rendered":"Impressionen zum \u00d6kumenischen Lobpreisabend"},"content":{"rendered":"<div class=\"shariff\" data-title=\"Impressionen zum \u00d6kumenischen Lobpreisabend\" data-info-url=\"http:\/\/ct.de\/-2467514\" data-backend-url=\"https:\/\/www.projekt-kirche.de\/wp-content\/plugins\/shariff-sharing\/backend\/index.php\" data-temp=\"\/tmp\" data-ttl=\"60\" data-service=\"gftr\" data-services='[\"googleplus\",\"facebook\",\"twitter\",\"reddit\",\"info\"]' data-image=\"\" data-url=\"https:\/\/www.projekt-kirche.de\/?p=4304\" data-lang=\"de\" data-theme=\"colored\" data-orientation=\"horizontal\"><\/div><p>Am 30. Oktober 2015 fand der <a href=\"http:\/\/www.projekt-kirche.de\/?p=4258\">erste \u00d6kumenische Lobpreisabend<\/a> in der Christus K\u00f6nig Kirche in Fellbach-Oeffingen statt. Initiiert wurde er vom \u201e<a href=\"https:\/\/www.facebook.com\/groups\/1689477091285875\/?fref=ts\">\u00d6kumenischen Familienkreis Oeffingen<\/a>\u201c, der sich nach der Veranstaltung eines \u00f6kumenischen Kindergottesdienstes gebildet hat und dem Vertreter der Oeffinger ev., kath. und mennonitischen Kirchengemeinde unterschiedlichen Alters angeh\u00f6ren.<\/p>\n<p><a href=\"https:\/\/i0.wp.com\/www.projekt-kirche.de\/wp-content\/uploads\/2015\/11\/img_7439-small.jpg\"><img data-recalc-dims=\"1\" loading=\"lazy\" decoding=\"async\" class=\"alignnone size-medium wp-image-4345\" src=\"https:\/\/i0.wp.com\/www.projekt-kirche.de\/wp-content\/uploads\/2015\/11\/IMG_7439-Small-300x200.jpg?resize=300%2C200\" alt=\"IMG_7439 (Small)\" width=\"300\" height=\"200\" \/><\/a><\/p>\n<p><!--more-->Schon immer wurde in christlichen Gottesdiensten gesungen. Der Lobpreis Gottes, d.h. das Loben und Preisen unseres Vaters im Himmel ist ein wichtiges Element der Anbetung. Lobpreis ist gesungenes Gebet und f\u00f6rdert unsere (Liebes-) Beziehung zu Gott, schenkt ihm die geb\u00fchrende Ehre und f\u00fchrt nicht zuletzt zu einer tiefen Freude und inneren Heilung.<\/p>\n<p><a href=\"https:\/\/i0.wp.com\/www.projekt-kirche.de\/wp-content\/uploads\/2015\/11\/img_7441-small.jpg\"><img data-recalc-dims=\"1\" loading=\"lazy\" decoding=\"async\" class=\"alignnone wp-image-4346 size-medium\" src=\"https:\/\/i0.wp.com\/www.projekt-kirche.de\/wp-content\/uploads\/2015\/11\/IMG_7441-Small-300x200.jpg?resize=300%2C200\" alt=\"\" width=\"300\" height=\"200\" \/><\/a><\/p>\n<p>Der \u00f6kumenische Lobpreisabend ist aus dem Wunsch entstanden, gemeinsam immer tiefer in das Geheimnis Gottes und seine \u00fcbergro\u00dfe Liebe einzutauchen und sich durch den Hl. Geist nach und nach verwandeln zu lassen. D.h. immer mehr zu sp\u00fcren, dass wir Kinder Gottes sind, Gott brauchen und bereit werden, uns auf ihn einzulassen. Nicht zuletzt aber auch um die Gemeinschaft von Christen aus verschiedenen Konfessionen und religi\u00f6sen Hintergr\u00fcnden zu erleben.<\/p>\n<p><a href=\"https:\/\/i0.wp.com\/www.projekt-kirche.de\/wp-content\/uploads\/2015\/11\/img_7447-large.jpg\"><img data-recalc-dims=\"1\" loading=\"lazy\" decoding=\"async\" class=\"alignnone size-medium wp-image-4301\" src=\"https:\/\/i0.wp.com\/www.projekt-kirche.de\/wp-content\/uploads\/2015\/11\/IMG_7447-Large-300x200.jpg?resize=300%2C200\" alt=\"Lobpreisabend\" width=\"300\" height=\"200\" \/><\/a><\/p>\n<p>Der Lobpreisabend sollte eine Atmosph\u00e4re schaffen, die alle Sinne anspricht. Deshalb war er multimedial gestaltet, mit Lichteffekten, projizierten Bildern, mit Worten aus der Bibel und vor allem viel Musik.<a href=\"https:\/\/i0.wp.com\/www.projekt-kirche.de\/wp-content\/uploads\/2015\/11\/img_7443-small.jpg\"><img data-recalc-dims=\"1\" loading=\"lazy\" decoding=\"async\" class=\"alignnone wp-image-4348 size-medium\" src=\"https:\/\/i0.wp.com\/www.projekt-kirche.de\/wp-content\/uploads\/2015\/11\/IMG_7443-Small-300x200.jpg?resize=300%2C200\" alt=\"\" width=\"300\" height=\"200\" \/><\/a><\/p>\n<p>Es wurden Psalmen zu den Themen\u00a0Glaube, Hoffnung, Liebe (<a href=\"https:\/\/www.bibleserver.com\/NLB\/1.Korinther13%2C13\" class=\"bibleserver extern\" target=\"_blank\" rel=\"noopener noreferrer\">1. Kor 13,13<\/a>) und ein biblischer Impuls \u00fcber &#8220;Wahrheit&#8221; vorgetragen.\u00a0 Eingerahmt und verbunden wurden die Lesungen mit christlicher und j\u00fcdischer Lobpreismusik. Der Abend war offen, d.h. jeder konnte kommen und gehen, wann er wollte.<\/p>\n<p><a href=\"https:\/\/i0.wp.com\/www.projekt-kirche.de\/wp-content\/uploads\/2015\/11\/img_7448-small.jpg\"><img data-recalc-dims=\"1\" loading=\"lazy\" decoding=\"async\" class=\"alignnone wp-image-4356 size-medium\" src=\"https:\/\/i0.wp.com\/www.projekt-kirche.de\/wp-content\/uploads\/2015\/11\/IMG_7448-Small-300x200.jpg?resize=300%2C200\" alt=\"\" width=\"300\" height=\"200\" \/><\/a><\/p>\n<p>Der Abschluss bildete das gemeinsam gebetete &#8220;Vater Unser&#8221;. Auch wenn die zahlenm\u00e4\u00dfige Teilnahme an diesem ersten Lobpreisabend (noch) \u00fcberschaubar blieb, sind weitere Folgeveranstaltungen geplant.<\/p>\n","protected":false},"excerpt":{"rendered":"<p>Am 30. Oktober 2015 fand der erste \u00d6kumenische Lobpreisabend in der Christus K\u00f6nig Kirche in Fellbach-Oeffingen statt. Initiiert wurde er vom \u201e\u00d6kumenischen Familienkreis Oeffingen\u201c, der sich nach der Veranstaltung eines \u00f6kumenischen Kindergottesdienstes gebildet hat und dem Vertreter der Oeffinger ev., kath. und mennonitischen Kirchengemeinde unterschiedlichen Alters angeh\u00f6ren.<\/p>\n","protected":false},"author":1,"featured_media":0,"comment_status":"open","ping_status":"open","sticky":false,"template":"","format":"standard","meta":{"jetpack_post_was_ever_published":false,"_jetpack_newsletter_access":"","_jetpack_dont_email_post_to_subs":false,"_jetpack_newsletter_tier_id":0,"_jetpack_memberships_contains_paywalled_content":false,"_jetpack_memberships_contains_paid_content":false,"footnotes":""},"categories":[2],"tags":[139],"class_list":["post-4304","post","type-post","status-publish","format-standard","hentry","category-allgemein","tag-christus-koenig-kirche"],"jetpack_featured_media_url":"","jetpack_shortlink":"https:\/\/wp.me\/p4Sdv6-17q","jetpack_sharing_enabled":true,"_links":{"self":[{"href":"https:\/\/www.projekt-kirche.de\/index.php?rest_route=\/wp\/v2\/posts\/4304","targetHints":{"allow":["GET"]}}],"collection":[{"href":"https:\/\/www.projekt-kirche.de\/index.php?rest_route=\/wp\/v2\/posts"}],"about":[{"href":"https:\/\/www.projekt-kirche.de\/index.php?rest_route=\/wp\/v2\/types\/post"}],"author":[{"embeddable":true,"href":"https:\/\/www.projekt-kirche.de\/index.php?rest_route=\/wp\/v2\/users\/1"}],"replies":[{"embeddable":true,"href":"https:\/\/www.projekt-kirche.de\/index.php?rest_route=%2Fwp%2Fv2%2Fcomments&post=4304"}],"version-history":[{"count":4,"href":"https:\/\/www.projekt-kirche.de\/index.php?rest_route=\/wp\/v2\/posts\/4304\/revisions"}],"predecessor-version":[{"id":8540,"href":"https:\/\/www.projekt-kirche.de\/index.php?rest_route=\/wp\/v2\/posts\/4304\/revisions\/8540"}],"wp:attachment":[{"href":"https:\/\/www.projekt-kirche.de\/index.php?rest_route=%2Fwp%2Fv2%2Fmedia&parent=4304"}],"wp:term":[{"taxonomy":"category","embeddable":true,"href":"https:\/\/www.projekt-kirche.de\/index.php?rest_route=%2Fwp%2Fv2%2Fcategories&post=4304"},{"taxonomy":"post_tag","embeddable":true,"href":"https:\/\/www.projekt-kirche.de\/index.php?rest_route=%2Fwp%2Fv2%2Ftags&post=4304"}],"curies":[{"name":"wp","href":"https:\/\/api.w.org\/{rel}","templated":true}]}}