{"id":4407,"date":"2016-01-19T07:13:42","date_gmt":"2016-01-19T06:13:42","guid":{"rendered":"http:\/\/www.projekt-kirche.de\/?p=4407"},"modified":"2020-05-09T07:39:37","modified_gmt":"2020-05-09T05:39:37","slug":"die-arbeit-ist-fuer-den-menschen-da","status":"publish","type":"post","link":"https:\/\/www.projekt-kirche.de\/?p=4407","title":{"rendered":"Die Arbeit ist f\u00fcr den Menschen da"},"content":{"rendered":"<div class=\"shariff\" data-title=\"Die Arbeit ist f\u00fcr den Menschen da\" data-info-url=\"http:\/\/ct.de\/-2467514\" data-backend-url=\"https:\/\/www.projekt-kirche.de\/wp-content\/plugins\/shariff-sharing\/backend\/index.php\" data-temp=\"\/tmp\" data-ttl=\"60\" data-service=\"gftr\" data-services='[\"googleplus\",\"facebook\",\"twitter\",\"reddit\",\"info\"]' data-image=\"\" data-url=\"https:\/\/www.projekt-kirche.de\/?p=4407\" data-lang=\"de\" data-theme=\"colored\" data-orientation=\"horizontal\"><\/div><p>Die Arbeit ist f\u00fcr den Menschen da und nicht umgekehrt. Genauso muss die gesamte Wirtschaft f\u00fcr die Menschen da sein und nicht umgekehrt. Das ist eine der Schlussfolgerungen aus Jesu Aussage in <a href=\"https:\/\/www.bibleserver.com\/NLB\/Markus2%2C23-28\" class=\"bibleserver extern\" target=\"_blank\" rel=\"noopener noreferrer\">Mk 2,23-28<\/a>, wo er sagt, dass der Sabbat f\u00fcr den Menschen da ist und nicht umgekehrt.<br \/>\n<!--more--><\/p>\n<p>Im Folgenden die Gedanken von Papst Benedikt XVI. in seinem nachsynodales apostolisches Schreiben &#8220;Sacramentum Caritatis&#8221;, \u00a7 74, \u00a9 Libreria Editrice Vaticana (zitiert aus <a href=\"http:\/\/www.evangeliumtagfuertag.org\">Evangelium Tag f\u00fcr Tag<\/a>) :<\/p>\n<blockquote><p>In unserer Zeit ist es besonders dringend, daran zu erinnern, da\u00df der Tag des Herrn auch der Tag der Ruhe von der Arbeit ist. Wir w\u00fcnschen uns von Herzen, da\u00df er als solcher auch von der zivilen Gesellschaft anerkannt wird, so da\u00df es m\u00f6glich ist, von der beruflichen T\u00e4tigkeit frei zu sein, ohne daf\u00fcr bestraft zu werden. Tats\u00e4chlich haben die Christen \u2013 nicht ohne Beziehung zur Bedeutung des Sabbats in der j\u00fcdischen Tradition \u2013 im Tag des Herrn auch den Tag der Ruhe von den allt\u00e4glichen M\u00fchen gesehen. Das hat seinen ganz bestimmten Sinn, denn es stellt eine Relativierung der Arbeit dar, die auf den Menschen ausgerichtet wird: Die Arbeit ist f\u00fcr den Menschen da und nicht der Mensch f\u00fcr die Arbeit. Der Schutz, der dadurch dem Menschen selbst geboten wird, ist leicht zu erahnen: Auf diese Weise ist er von einer m\u00f6glichen Form der Sklaverei befreit. Wie ich bereits betont habe, \u201ebesitzt die Arbeit eine prim\u00e4re Bedeutung f\u00fcr die Verwirklichung des Menschen und f\u00fcr die Entwicklung der Gesellschaft, und mu\u00df darum immer in voller Achtung der menschlichen W\u00fcrde und im Dienst am Gemeinwohl organisiert und entfaltet werden. Zugleich ist es unverzichtbar, da\u00df der Mensch sich nicht von der Arbeit verknechten l\u00e4\u00dft, da\u00df er sie nicht zum G\u00f6tzen macht, indem er sich einbildet, in ihr den letzten und endg\u00fcltigen Sinn des Lebens zu finden.\u201c Der gottgeweihte Tag ist es, der dem Menschen das Verst\u00e4ndnis f\u00fcr den Sinn seines Lebens und auch seiner beruflichen T\u00e4tigkeit erschlie\u00dft.<\/p><\/blockquote>\n","protected":false},"excerpt":{"rendered":"<p>Die Arbeit ist f\u00fcr den Menschen da und nicht umgekehrt. Genauso muss die gesamte Wirtschaft f\u00fcr die Menschen da sein und nicht umgekehrt. Das ist eine der Schlussfolgerungen aus Jesu Aussage in Mk 2,23-28, wo er sagt, dass der Sabbat f\u00fcr den Menschen da ist und nicht umgekehrt.<\/p>\n","protected":false},"author":1,"featured_media":0,"comment_status":"open","ping_status":"open","sticky":false,"template":"","format":"standard","meta":{"jetpack_post_was_ever_published":false,"_jetpack_newsletter_access":"","_jetpack_dont_email_post_to_subs":false,"_jetpack_newsletter_tier_id":0,"_jetpack_memberships_contains_paywalled_content":false,"_jetpack_memberships_contains_paid_content":false,"footnotes":""},"categories":[2],"tags":[111,222],"class_list":["post-4407","post","type-post","status-publish","format-standard","hentry","category-allgemein","tag-23-arbeit-sonntag","tag-mk-2"],"jetpack_featured_media_url":"","jetpack_shortlink":"https:\/\/wp.me\/p4Sdv6-195","jetpack_sharing_enabled":true,"_links":{"self":[{"href":"https:\/\/www.projekt-kirche.de\/index.php?rest_route=\/wp\/v2\/posts\/4407","targetHints":{"allow":["GET"]}}],"collection":[{"href":"https:\/\/www.projekt-kirche.de\/index.php?rest_route=\/wp\/v2\/posts"}],"about":[{"href":"https:\/\/www.projekt-kirche.de\/index.php?rest_route=\/wp\/v2\/types\/post"}],"author":[{"embeddable":true,"href":"https:\/\/www.projekt-kirche.de\/index.php?rest_route=\/wp\/v2\/users\/1"}],"replies":[{"embeddable":true,"href":"https:\/\/www.projekt-kirche.de\/index.php?rest_route=%2Fwp%2Fv2%2Fcomments&post=4407"}],"version-history":[{"count":4,"href":"https:\/\/www.projekt-kirche.de\/index.php?rest_route=\/wp\/v2\/posts\/4407\/revisions"}],"predecessor-version":[{"id":8568,"href":"https:\/\/www.projekt-kirche.de\/index.php?rest_route=\/wp\/v2\/posts\/4407\/revisions\/8568"}],"wp:attachment":[{"href":"https:\/\/www.projekt-kirche.de\/index.php?rest_route=%2Fwp%2Fv2%2Fmedia&parent=4407"}],"wp:term":[{"taxonomy":"category","embeddable":true,"href":"https:\/\/www.projekt-kirche.de\/index.php?rest_route=%2Fwp%2Fv2%2Fcategories&post=4407"},{"taxonomy":"post_tag","embeddable":true,"href":"https:\/\/www.projekt-kirche.de\/index.php?rest_route=%2Fwp%2Fv2%2Ftags&post=4407"}],"curies":[{"name":"wp","href":"https:\/\/api.w.org\/{rel}","templated":true}]}}