{"id":4462,"date":"2016-02-19T08:50:04","date_gmt":"2016-02-19T07:50:04","guid":{"rendered":"http:\/\/www.projekt-kirche.de\/?p=4462"},"modified":"2020-05-09T04:01:13","modified_gmt":"2020-05-09T02:01:13","slug":"vergeben-ist-nicht-einfach","status":"publish","type":"post","link":"https:\/\/www.projekt-kirche.de\/?p=4462","title":{"rendered":"Vergeben ist nicht einfach&#8230;"},"content":{"rendered":"<div class=\"shariff\" data-title=\"Vergeben ist nicht einfach&#8230;\" data-info-url=\"http:\/\/ct.de\/-2467514\" data-backend-url=\"https:\/\/www.projekt-kirche.de\/wp-content\/plugins\/shariff-sharing\/backend\/index.php\" data-temp=\"\/tmp\" data-ttl=\"60\" data-service=\"gftr\" data-services='[\"googleplus\",\"facebook\",\"twitter\",\"reddit\",\"info\"]' data-image=\"\" data-url=\"https:\/\/www.projekt-kirche.de\/?p=4462\" data-lang=\"de\" data-theme=\"colored\" data-orientation=\"horizontal\"><\/div><hr \/>\n<p>&#8230; aber vor allem f\u00fcr Christen notwendig.<br \/>\n<strong>Ein sch\u00f6ner und herausfordernder Kommentar zu <a href=\"https:\/\/www.bibleserver.com\/NLB\/Matth%C3%A4us5%2C20-26\" class=\"bibleserver extern\" target=\"_blank\" rel=\"noopener noreferrer\">Mt 5,20-26<\/a> hat dazu Augustinus (354-430), Bischof von Hippo (Nordafrika) und Kirchenlehrer, geschrieben:<\/strong><\/p>\n<p><!--more--><\/p>\n<blockquote><p>Wir befinden uns jetzt in den heiligen Tagen des Fastens, liebe Br\u00fcder, und deshalb soll es keine Unstimmigkeit unter euch geben [\u2026] Vielleicht kommt bei euch der Gedanke hoch: \u201eIch will ja Frieden schlie\u00dfen; aber mein Bruder ist es, der mich gekr\u00e4nkt hat \u2026 und er will mich nicht um Vergebung bitten.\u201c Was ist da zu tun? Es m\u00fcssen sich Dritte, Freunde des Friedens einschalten [\u2026]<\/p>\n<p>Was dich angeht, so sei bereit, dem Andern zu verzeihen, ihm mit ganzem Herzen seine Verfehlung zu vergeben. Wenn du dazu bereit bist, so hast du sie ihm bereits vergeben. Dann bleibt dir noch das Gebet. Bitte f\u00fcr ihn, dass er dich um Vergebung bittet, du wei\u00dft ja, dass es f\u00fcr ihn nicht gut ist, es nicht zu tun. Bete also f\u00fcr ihn [\u2026] Sag zum Herrn: \u201eDu wei\u00dft, dass ich meinen Bruder nicht beleidigt habe [\u2026] und dass es ihm schadet, dass er mich beleidigt hat; was mich betrifft, so bitte ich dich von ganzem Herzen, ihm zu vergeben.\u201c<\/p>\n<p>Das m\u00fcsst ihr tun, wenn ihr in Frieden mit euren Br\u00fcdern leben wollt [\u2026] damit wir an Ostern in Frieden zu den Sakramenten gehen und in Frieden die Leiden dessen feiern k\u00f6nnen, der niemandem etwas geschuldet und Schulden an Stelle der Schuldner zur\u00fcckgezahlt hat: Jesus Christus, der Herr, der selbst niemanden beleidigt hat und dem sozusagen die ganze Welt Leid zugef\u00fcgt hat. Er hat nicht Strafen gefordert, sondern Belohnungen versprochen [\u2026] Auf ihn berufen wir uns in unserem Herzen: Wenn wir jemanden verletzt haben, dann bitten wir um Vergebung; hat uns jemand verletzt, sind wir bereit zu vergeben und f\u00fcr unsere Feinde zu beten.<\/p><\/blockquote>\n<p>(aus Predigt 211,5-6, \u00a9Evangelizo.org 2001-2016)<\/p>\n","protected":false},"excerpt":{"rendered":"<p>&#8230; aber vor allem f\u00fcr Christen notwendig. Ein sch\u00f6ner und herausfordernder Kommentar zu Mt 5,20-26 hat dazu Augustinus (354-430), Bischof von Hippo (Nordafrika) und Kirchenlehrer, geschrieben:<\/p>\n","protected":false},"author":1,"featured_media":0,"comment_status":"open","ping_status":"open","sticky":false,"template":"","format":"standard","meta":{"jetpack_post_was_ever_published":false,"_jetpack_newsletter_access":"","_jetpack_dont_email_post_to_subs":false,"_jetpack_newsletter_tier_id":0,"_jetpack_memberships_contains_paywalled_content":false,"_jetpack_memberships_contains_paid_content":false,"footnotes":""},"categories":[2],"tags":[153,273],"class_list":["post-4462","post","type-post","status-publish","format-standard","hentry","category-allgemein","tag-fastenzeit","tag-vergebung"],"jetpack_featured_media_url":"","jetpack_shortlink":"https:\/\/wp.me\/p4Sdv6-19Y","jetpack_sharing_enabled":true,"_links":{"self":[{"href":"https:\/\/www.projekt-kirche.de\/index.php?rest_route=\/wp\/v2\/posts\/4462","targetHints":{"allow":["GET"]}}],"collection":[{"href":"https:\/\/www.projekt-kirche.de\/index.php?rest_route=\/wp\/v2\/posts"}],"about":[{"href":"https:\/\/www.projekt-kirche.de\/index.php?rest_route=\/wp\/v2\/types\/post"}],"author":[{"embeddable":true,"href":"https:\/\/www.projekt-kirche.de\/index.php?rest_route=\/wp\/v2\/users\/1"}],"replies":[{"embeddable":true,"href":"https:\/\/www.projekt-kirche.de\/index.php?rest_route=%2Fwp%2Fv2%2Fcomments&post=4462"}],"version-history":[{"count":4,"href":"https:\/\/www.projekt-kirche.de\/index.php?rest_route=\/wp\/v2\/posts\/4462\/revisions"}],"predecessor-version":[{"id":8559,"href":"https:\/\/www.projekt-kirche.de\/index.php?rest_route=\/wp\/v2\/posts\/4462\/revisions\/8559"}],"wp:attachment":[{"href":"https:\/\/www.projekt-kirche.de\/index.php?rest_route=%2Fwp%2Fv2%2Fmedia&parent=4462"}],"wp:term":[{"taxonomy":"category","embeddable":true,"href":"https:\/\/www.projekt-kirche.de\/index.php?rest_route=%2Fwp%2Fv2%2Fcategories&post=4462"},{"taxonomy":"post_tag","embeddable":true,"href":"https:\/\/www.projekt-kirche.de\/index.php?rest_route=%2Fwp%2Fv2%2Ftags&post=4462"}],"curies":[{"name":"wp","href":"https:\/\/api.w.org\/{rel}","templated":true}]}}