{"id":4475,"date":"2016-03-03T06:39:35","date_gmt":"2016-03-03T05:39:35","guid":{"rendered":"http:\/\/www.projekt-kirche.de\/?p=4475"},"modified":"2020-05-08T15:05:17","modified_gmt":"2020-05-08T13:05:17","slug":"warum-ist-das-at-der-bibel-so-gewalttaetig","status":"publish","type":"post","link":"https:\/\/www.projekt-kirche.de\/?p=4475","title":{"rendered":"Warum ist das AT der Bibel so gewaltt\u00e4tig?"},"content":{"rendered":"<div class=\"shariff\" data-title=\"Warum ist das AT der Bibel so gewaltt\u00e4tig?\" data-info-url=\"http:\/\/ct.de\/-2467514\" data-backend-url=\"https:\/\/www.projekt-kirche.de\/wp-content\/plugins\/shariff-sharing\/backend\/index.php\" data-temp=\"\/tmp\" data-ttl=\"60\" data-service=\"gftr\" data-services='[\"googleplus\",\"facebook\",\"twitter\",\"reddit\",\"info\"]' data-image=\"\" data-url=\"https:\/\/www.projekt-kirche.de\/?p=4475\" data-lang=\"de\" data-theme=\"colored\" data-orientation=\"horizontal\"><\/div><p>Diese Frage besch\u00e4ftigt viele Christen und auch kritische Nichtchristen. Jesus lehrte doch sogar die Feindesliebe? Ist der Gott des Alten Testaments doch nicht auch der Gott des Neuen Testaments?<br \/>\nWieder einmal geben die &#8220;Kirchenv\u00e4ter&#8221; die besseren Antworten wie viele heutige Theologen:<\/p>\n<p><!--more--><\/p>\n<blockquote><p>Wenn die K\u00e4mpfe [im alten Testament] nicht Symbol f\u00fcr die geistlichen K\u00e4mpfe gewesen w\u00e4ren, dann glaube ich nicht, dass die Geschichtsb\u00fccher des j\u00fcdischen Volkes den J\u00fcngern Jesu Christi \u00fcberliefert worden w\u00e4ren, der doch gekommen ist, uns den Frieden zu bringen. Sie w\u00e4ren niemals von den Aposteln als n\u00fctzliche Lesung in den Versammlungen vorgeschrieben worden. Was w\u00fcrden denn sonst derartige Schilderungen von Kampfeshandlungen denjenigen dienen, die sich doch auf die Worte Jesu berufen: \u201eFrieden hinterlasse ich euch, meinen Frieden gebe ich euch\u201c (<a href=\"https:\/\/www.bibleserver.com\/NLB\/Johannes14%2C27\" class=\"bibleserver extern\" target=\"_blank\" rel=\"noopener noreferrer\">Joh 14,27<\/a>), und denjenigen, die sich von Paulus&nbsp; aufgefordert sehen: \u201eR\u00e4cht euch nicht selber, liebe Br\u00fcder\u201c (<a href=\"https:\/\/www.bibleserver.com\/NLB\/R%C3%B6mer12%2C19\" class=\"bibleserver extern\" target=\"_blank\" rel=\"noopener noreferrer\">R\u00f6m 12,19<\/a>) und \u201eWarum leidet ihr nicht lieber Unrecht? Warum lasst ihr euch nicht lieber ausrauben?\u201c (<a href=\"https:\/\/www.bibleserver.com\/NLB\/1.Korinther6%2C7\" class=\"bibleserver extern\" target=\"_blank\" rel=\"noopener noreferrer\">1 Kor 6,7<\/a>).<\/p>\n<p>Paulus wei\u00df genau, dass wir uns in keinen materiellen Kampf mehr begeben sollen, doch in unserer Seele mit all unserer Kraft gegen unsere geistlichen Feinde anzuk\u00e4mpfen haben. Wie ein Heerf\u00fchrer gibt er den Soldaten Christi folgenden Befehl: \u201eZieht die R\u00fcstung Gottes an, damit ihr den listigen Anschl\u00e4gen des Teufels widerstehen k\u00f6nnt.\u201c Und damit wir aus den V\u00e4tergeschichten Vorlagen f\u00fcr den geistlichen Kampf entnehmen k\u00f6nnen, wollte er, dass uns in den Versammlungen die Schilderung ihrer Siege vorgelesen werde. Demnach wenden wir uns dieser Lesung \u201ewie der Geist sie lehrt\u201c (<a href=\"https:\/\/www.bibleserver.com\/NLB\/1.Korinther2%2C13\" class=\"bibleserver extern\" target=\"_blank\" rel=\"noopener noreferrer\">1 Kor 2,13<\/a>) zu, wenn wir es geistlich tun, weil wir ja wissen, dass das Gesetz selbst vom Geist bestimmt ist\u201c (<a href=\"https:\/\/www.bibleserver.com\/NLB\/R%C3%B6mer7%2C14\" class=\"bibleserver extern\" target=\"_blank\" rel=\"noopener noreferrer\">R\u00f6m 7,14<\/a>). Dann erkennen wir in den Nationen, die das materielle Israel ganz konkret angegriffen haben, wie gro\u00df die Macht jener Nationen geistiger Feinde ist, jener \u201eb\u00f6sen Geister des himmlischen Bereichs\u201c (<a href=\"https:\/\/www.bibleserver.com\/NLB\/Epheser6%2C12\" class=\"bibleserver extern\" target=\"_blank\" rel=\"noopener noreferrer\">Eph 6,12<\/a>), die kriegerische Kampfhandlungen gegen die Kirche des Herrn, dem neuen Israel, anzetteln. <\/p>\n<\/blockquote>\n<p>(Origenes, um 185-253, Priester und Theologe \u00fcber den geistlichen Kampf in &#8220;Predigten \u00fcber Josua, 15, 1-4&#8221;\t\u00a9Evangelizo.org 2001-2016)<\/p>\n","protected":false},"excerpt":{"rendered":"<p>Diese Frage besch\u00e4ftigt viele Christen und auch kritische Nichtchristen. Jesus lehrte doch sogar die Feindesliebe? Ist der Gott des Alten Testaments doch nicht auch der Gott des Neuen Testaments? Wieder einmal geben die &#8220;Kirchenv\u00e4ter&#8221; die besseren Antworten wie viele heutige Theologen:<\/p>\n","protected":false},"author":1,"featured_media":0,"comment_status":"open","ping_status":"open","sticky":false,"template":"","format":"standard","meta":{"jetpack_post_was_ever_published":false,"_jetpack_newsletter_access":"","_jetpack_dont_email_post_to_subs":false,"_jetpack_newsletter_tier_id":0,"_jetpack_memberships_contains_paywalled_content":false,"_jetpack_memberships_contains_paid_content":false,"footnotes":""},"categories":[2],"tags":[119,159,168],"class_list":["post-4475","post","type-post","status-publish","format-standard","hentry","category-allgemein","tag-at","tag-geistlicher-kampf","tag-gewalt"],"jetpack_featured_media_url":"","jetpack_shortlink":"https:\/\/wp.me\/p4Sdv6-1ab","jetpack_sharing_enabled":true,"_links":{"self":[{"href":"https:\/\/www.projekt-kirche.de\/index.php?rest_route=\/wp\/v2\/posts\/4475","targetHints":{"allow":["GET"]}}],"collection":[{"href":"https:\/\/www.projekt-kirche.de\/index.php?rest_route=\/wp\/v2\/posts"}],"about":[{"href":"https:\/\/www.projekt-kirche.de\/index.php?rest_route=\/wp\/v2\/types\/post"}],"author":[{"embeddable":true,"href":"https:\/\/www.projekt-kirche.de\/index.php?rest_route=\/wp\/v2\/users\/1"}],"replies":[{"embeddable":true,"href":"https:\/\/www.projekt-kirche.de\/index.php?rest_route=%2Fwp%2Fv2%2Fcomments&post=4475"}],"version-history":[{"count":4,"href":"https:\/\/www.projekt-kirche.de\/index.php?rest_route=\/wp\/v2\/posts\/4475\/revisions"}],"predecessor-version":[{"id":8397,"href":"https:\/\/www.projekt-kirche.de\/index.php?rest_route=\/wp\/v2\/posts\/4475\/revisions\/8397"}],"wp:attachment":[{"href":"https:\/\/www.projekt-kirche.de\/index.php?rest_route=%2Fwp%2Fv2%2Fmedia&parent=4475"}],"wp:term":[{"taxonomy":"category","embeddable":true,"href":"https:\/\/www.projekt-kirche.de\/index.php?rest_route=%2Fwp%2Fv2%2Fcategories&post=4475"},{"taxonomy":"post_tag","embeddable":true,"href":"https:\/\/www.projekt-kirche.de\/index.php?rest_route=%2Fwp%2Fv2%2Ftags&post=4475"}],"curies":[{"name":"wp","href":"https:\/\/api.w.org\/{rel}","templated":true}]}}