{"id":4503,"date":"2016-04-01T10:10:16","date_gmt":"2016-04-01T08:10:16","guid":{"rendered":"http:\/\/www.projekt-kirche.de\/?p=4503"},"modified":"2020-05-08T23:33:29","modified_gmt":"2020-05-08T21:33:29","slug":"familiengottesdienst-am-ostermontag-und-erstkommunion-follow-up","status":"publish","type":"post","link":"https:\/\/www.projekt-kirche.de\/?p=4503","title":{"rendered":"Familiengottesdienst am Ostermontag und Erstkommunion Follow-Up"},"content":{"rendered":"<div class=\"shariff\" data-title=\"Familiengottesdienst am Ostermontag und Erstkommunion Follow-Up\" data-info-url=\"http:\/\/ct.de\/-2467514\" data-backend-url=\"https:\/\/www.projekt-kirche.de\/wp-content\/plugins\/shariff-sharing\/backend\/index.php\" data-temp=\"\/tmp\" data-ttl=\"60\" data-service=\"gftr\" data-services='[\"googleplus\",\"facebook\",\"twitter\",\"reddit\",\"info\"]' data-image=\"\" data-url=\"https:\/\/www.projekt-kirche.de\/?p=4503\" data-lang=\"de\" data-theme=\"colored\" data-orientation=\"horizontal\"><\/div><div style=\"width: 1524px\" class=\"wp-caption alignnone\"><a href=\"https:\/\/i0.wp.com\/www.projekt-kirche.de\/wp-content\/uploads\/2016\/04\/wp-1459497096267.png\"><img data-recalc-dims=\"1\" loading=\"lazy\" decoding=\"async\" title=\"wp-1459497096267\" src=\"https:\/\/i0.wp.com\/www.projekt-kirche.de\/wp-content\/uploads\/2016\/04\/wp-1459497096267.png?resize=629%2C468\" alt=\"image\" width=\"629\" height=\"468\" \/><\/a><p class=\"wp-caption-text\">Themenbilder zum Evangelium <a href=\"https:\/\/www.bibleserver.com\/NLB\/Lukas24%2C13-35\" class=\"bibleserver extern\" target=\"_blank\" rel=\"noopener noreferrer\">Lk24, 13-35<\/a> (Emmaus J\u00fcnger)<\/p><\/div>\n<p>Am Ostersonntag (28.3.16) haben wir zum ersten Mal einen Familiengottesdienst mit Beamer-Pr\u00e4sentation und Themenbilder zu den einzelnen Abschnitten der Messe (Kyrie, Gloria, Tagesgebet, Lesung etc.) und einem Bibel-Quiz zum Evangelium (<a href=\"https:\/\/www.bibleserver.com\/NLB\/Lukas24%2C13-35\" class=\"bibleserver extern\" target=\"_blank\" rel=\"noopener noreferrer\">Lk 24,13-35<\/a>) gemacht. Bis auf ein paar technische Probleme hat alles gut geklappt. Sch\u00f6n war, dass auch viele Erstkommunionskinder da waren, die am kommenden Sonntag ihren gro\u00dfen Tag haben werden.<br \/>\nWir planen bereits monatliche Treffen als &#8220;Erstkommunion Follow-Up&#8221; zu den Themen Bibel, Gott, Jesus etc. mit Ausfl\u00fcgen zum Bibelmuseum etc. Wir w\u00fcrden uns freuen, wenn m\u00f6glichst viele Eltern und Kinder mitmachen w\u00fcrden&#8230;<\/p>\n","protected":false},"excerpt":{"rendered":"<p>Am Ostersonntag (28.3.16) haben wir zum ersten Mal einen Familiengottesdienst mit Beamer-Pr\u00e4sentation und Themenbilder zu den einzelnen Abschnitten der Messe (Kyrie, Gloria, Tagesgebet, Lesung etc.) und einem Bibel-Quiz zum Evangelium (Lk 24,13-35) gemacht. Bis auf ein paar technische Probleme hat alles gut geklappt. Sch\u00f6n war, dass auch viele Erstkommunionskinder da waren, die am kommenden Sonntag [&hellip;]<\/p>\n","protected":false},"author":1,"featured_media":0,"comment_status":"open","ping_status":"open","sticky":false,"template":"","format":"standard","meta":{"jetpack_post_was_ever_published":false,"_jetpack_newsletter_access":"","_jetpack_dont_email_post_to_subs":false,"_jetpack_newsletter_tier_id":0,"_jetpack_memberships_contains_paywalled_content":false,"_jetpack_memberships_contains_paid_content":false,"footnotes":""},"categories":[2],"tags":[214],"class_list":["post-4503","post","type-post","status-publish","format-standard","hentry","category-allgemein","tag-lk-24"],"jetpack_featured_media_url":"","jetpack_shortlink":"https:\/\/wp.me\/p4Sdv6-1aD","jetpack_sharing_enabled":true,"_links":{"self":[{"href":"https:\/\/www.projekt-kirche.de\/index.php?rest_route=\/wp\/v2\/posts\/4503","targetHints":{"allow":["GET"]}}],"collection":[{"href":"https:\/\/www.projekt-kirche.de\/index.php?rest_route=\/wp\/v2\/posts"}],"about":[{"href":"https:\/\/www.projekt-kirche.de\/index.php?rest_route=\/wp\/v2\/types\/post"}],"author":[{"embeddable":true,"href":"https:\/\/www.projekt-kirche.de\/index.php?rest_route=\/wp\/v2\/users\/1"}],"replies":[{"embeddable":true,"href":"https:\/\/www.projekt-kirche.de\/index.php?rest_route=%2Fwp%2Fv2%2Fcomments&post=4503"}],"version-history":[{"count":4,"href":"https:\/\/www.projekt-kirche.de\/index.php?rest_route=\/wp\/v2\/posts\/4503\/revisions"}],"predecessor-version":[{"id":8538,"href":"https:\/\/www.projekt-kirche.de\/index.php?rest_route=\/wp\/v2\/posts\/4503\/revisions\/8538"}],"wp:attachment":[{"href":"https:\/\/www.projekt-kirche.de\/index.php?rest_route=%2Fwp%2Fv2%2Fmedia&parent=4503"}],"wp:term":[{"taxonomy":"category","embeddable":true,"href":"https:\/\/www.projekt-kirche.de\/index.php?rest_route=%2Fwp%2Fv2%2Fcategories&post=4503"},{"taxonomy":"post_tag","embeddable":true,"href":"https:\/\/www.projekt-kirche.de\/index.php?rest_route=%2Fwp%2Fv2%2Ftags&post=4503"}],"curies":[{"name":"wp","href":"https:\/\/api.w.org\/{rel}","templated":true}]}}