{"id":4541,"date":"2016-06-15T09:15:59","date_gmt":"2016-06-15T07:15:59","guid":{"rendered":"http:\/\/www.projekt-kirche.de\/?p=4541"},"modified":"2020-05-08T22:37:48","modified_gmt":"2020-05-08T20:37:48","slug":"wie-man-beten-lernt","status":"publish","type":"post","link":"https:\/\/www.projekt-kirche.de\/?p=4541","title":{"rendered":"Wie man Beten lernt"},"content":{"rendered":"<div class=\"shariff\" data-title=\"Wie man Beten lernt\" data-info-url=\"http:\/\/ct.de\/-2467514\" data-backend-url=\"https:\/\/www.projekt-kirche.de\/wp-content\/plugins\/shariff-sharing\/backend\/index.php\" data-temp=\"\/tmp\" data-ttl=\"60\" data-service=\"gftr\" data-services='[\"googleplus\",\"facebook\",\"twitter\",\"reddit\",\"info\"]' data-image=\"\" data-url=\"https:\/\/www.projekt-kirche.de\/?p=4541\" data-lang=\"de\" data-theme=\"colored\" data-orientation=\"horizontal\"><\/div><p>Heute gab es auf <a href=\"http:\/\/www.evangeliumtagfuertag.org\">Evangelium Tag f\u00fcr Tag<\/a><strong> einen sehr sch\u00f6nen Kommentar zum Thema Gebet von Pater Pio von Pietrelcina (1887-1968), Kapuziner\u00a0(<\/strong><br \/>\n<em>GF, 137; <a href=\"https:\/\/www.bibleserver.com\/NLB\/Epheser3%2C21\" class=\"bibleserver extern\" target=\"_blank\" rel=\"noopener noreferrer\">Ep. 3, 982-983<\/a>) :<\/em><!--more--><\/p>\n<blockquote><p>Beim Beten und bei der Meditation sei gewissenhaft. Du hast mir gesagt, dass du damit schon angefangen hast. Das ist ein ganz gro\u00dfer Trost f\u00fcr einen Vater, der dich so liebt wie sich selbst. Mach also so weiter mit dieser \u00dcbung, Gott zu lieben. Mach jeden Tag einen Schritt mehr: nachts, beim schwachen Schein der Lampe, in deinen Schwachheiten und der geistigen Trockenheit \u2013 oder bei Tage, in der Freude und dem Licht, das die Seele erstrahlen l\u00e4sst.\u00a0<br \/>\nWenn du kannst, sprich im Gebet mit dem Herrn, preise ihn. Wenn es dir nicht gelingt, weil du im geistlichen Leben noch nicht weit genug fortgeschritten bist, dann mach dir keine Sorgen; schlie\u00df dich in dein Zimmer ein und bring dich in die Gegenwart Gottes. Er wird dich sehen und deine Gegenwart und Stille zu sch\u00e4tzen wissen. Dann nimmt er dich bei der Hand, spricht mit dir, geht die hundert Schritte in den Laubeng\u00e4ngen dieses Gartens, n\u00e4mlich des Gebets, und du wirst Trost finden. Einfach in der Gegenwart des Herrn bleiben, um zu bekunden, dass wir seine Diener sein wollen: das ist eine ausgezeichnete geistliche \u00dcbung, die uns auf dem Weg zur Vollkommenheit Fortschritte machen l\u00e4sst.\u00a0<br \/>\nWenn du im Gebet mit Gott verbunden bist, pr\u00fcfe, wer du wirklich bist; sprich mit ihm, wenn du kannst, und wenn es dir nicht m\u00f6glich ist, sei still, bleibe vor ihm. Unternimm keine weiteren Versuche.\u00a0<\/p>\n<\/blockquote>\n<p>Einfach&#8217; mal ausprobieren! Ich denke, dass hilft wirklich, Gott im Gebet n\u00e4her zu kommen.<\/p>\n","protected":false},"excerpt":{"rendered":"<p>Heute gab es auf Evangelium Tag f\u00fcr Tag einen sehr sch\u00f6nen Kommentar zum Thema Gebet von Pater Pio von Pietrelcina (1887-1968), Kapuziner\u00a0( GF, 137; Ep. 3, 982-983) :<\/p>\n","protected":false},"author":1,"featured_media":0,"comment_status":"open","ping_status":"open","sticky":false,"template":"","format":"standard","meta":{"jetpack_post_was_ever_published":false,"_jetpack_newsletter_access":"","_jetpack_dont_email_post_to_subs":false,"_jetpack_newsletter_tier_id":0,"_jetpack_memberships_contains_paywalled_content":false,"_jetpack_memberships_contains_paid_content":false,"footnotes":""},"categories":[2],"tags":[],"class_list":["post-4541","post","type-post","status-publish","format-standard","hentry","category-allgemein"],"jetpack_featured_media_url":"","jetpack_shortlink":"https:\/\/wp.me\/p4Sdv6-1bf","jetpack_sharing_enabled":true,"_links":{"self":[{"href":"https:\/\/www.projekt-kirche.de\/index.php?rest_route=\/wp\/v2\/posts\/4541","targetHints":{"allow":["GET"]}}],"collection":[{"href":"https:\/\/www.projekt-kirche.de\/index.php?rest_route=\/wp\/v2\/posts"}],"about":[{"href":"https:\/\/www.projekt-kirche.de\/index.php?rest_route=\/wp\/v2\/types\/post"}],"author":[{"embeddable":true,"href":"https:\/\/www.projekt-kirche.de\/index.php?rest_route=\/wp\/v2\/users\/1"}],"replies":[{"embeddable":true,"href":"https:\/\/www.projekt-kirche.de\/index.php?rest_route=%2Fwp%2Fv2%2Fcomments&post=4541"}],"version-history":[{"count":4,"href":"https:\/\/www.projekt-kirche.de\/index.php?rest_route=\/wp\/v2\/posts\/4541\/revisions"}],"predecessor-version":[{"id":8535,"href":"https:\/\/www.projekt-kirche.de\/index.php?rest_route=\/wp\/v2\/posts\/4541\/revisions\/8535"}],"wp:attachment":[{"href":"https:\/\/www.projekt-kirche.de\/index.php?rest_route=%2Fwp%2Fv2%2Fmedia&parent=4541"}],"wp:term":[{"taxonomy":"category","embeddable":true,"href":"https:\/\/www.projekt-kirche.de\/index.php?rest_route=%2Fwp%2Fv2%2Fcategories&post=4541"},{"taxonomy":"post_tag","embeddable":true,"href":"https:\/\/www.projekt-kirche.de\/index.php?rest_route=%2Fwp%2Fv2%2Ftags&post=4541"}],"curies":[{"name":"wp","href":"https:\/\/api.w.org\/{rel}","templated":true}]}}