{"id":4583,"date":"2016-08-10T07:32:23","date_gmt":"2016-08-10T05:32:23","guid":{"rendered":"http:\/\/www.projekt-kirche.de\/?p=4583"},"modified":"2020-05-08T15:16:25","modified_gmt":"2020-05-08T13:16:25","slug":"ohne-herausforderungen-gehts-nicht","status":"publish","type":"post","link":"https:\/\/www.projekt-kirche.de\/?p=4583","title":{"rendered":"Ohne Herausforderungen geht&#8217;s nicht!\u00a0"},"content":{"rendered":"<div class=\"shariff\" data-title=\"Ohne Herausforderungen geht&#8217;s nicht!\u00a0\" data-info-url=\"http:\/\/ct.de\/-2467514\" data-backend-url=\"https:\/\/www.projekt-kirche.de\/wp-content\/plugins\/shariff-sharing\/backend\/index.php\" data-temp=\"\/tmp\" data-ttl=\"60\" data-service=\"gftr\" data-services='[\"googleplus\",\"facebook\",\"twitter\",\"reddit\",\"info\"]' data-image=\"\" data-url=\"https:\/\/www.projekt-kirche.de\/?p=4583\" data-lang=\"de\" data-theme=\"colored\" data-orientation=\"horizontal\"><\/div><p>Es gibt ja Menschen, die m\u00f6gen Herausforderungen. Die lieben und brauchen sie, um ein spannendes Leben zu f\u00fchren. Das kann ich zu einem gewissen Grad nachvollziehen. Denn nat\u00fcrlich will kaum jemand ein langweiliges Leben haben. Aber daf\u00fcr die eigene Bequemlichkeit aufgeben und m\u00f6glicherweise seine \u00c4ngste \u00fcberwinden m\u00fcssen?&nbsp;<\/p>\n<p><!--more--><\/p>\n<p>Es ist interessant, was <b>Jesus<\/b> zu diesem Thema sagt. Wenn man mal im Neuen Testament der Bibel liest, st\u00f6\u00dft man fast st\u00e4ndig auf eine Herausforderung von ihm (\u00fcbrigens ganz im Gegenteil zu vielen Predigten, die man heute in vielen Kirchen h\u00f6rt). Aber warum k\u00f6nnen und d\u00fcrfen wir nicht auch einfach ein beschauliches, selbstgen\u00fcgsames Leben f\u00fchren? Warum muss immer alles so anstrengend sein? Vor allem, wenn man versucht als Christ in der Nachfolge Jesu zu leben?&nbsp;<\/p>\n<p>Im heutigen Evangeliumstext <a href=\"https:\/\/www.bibleserver.com\/NLB\/Johannes12%2C24-26\" class=\"bibleserver extern\" target=\"_blank\" rel=\"noopener noreferrer\">Joh 12,24-26<\/a> gibt Jesus die Antwort darauf. Und zwar anhand eines Beispiels \u00fcber das Weizenkorn: Ohne, dass das Samenkorn stirbt, wird keine Frucht entstehen. D. h. ohne Herausforderungen, ohne Pr\u00fcfungen im Leben, ohne dass man sein gem\u00fctliches (und selbstgezogenes) Leben aufgibt, kann man das wahre, das ewige Leben nicht gewinnen.&nbsp;<\/p>\n<p>Und der Hl. Bischof &nbsp;<b>Maximus<\/b> von Turin (+420) schreibt zu diesem Thema in einer Predigt (40), in dem er einen Vergleich zum Senfkorn zieht (vgl. <a href=\"https:\/\/www.bibleserver.com\/NLB\/Matth%C3%A4us13%2C31-32\" class=\"bibleserver extern\" target=\"_blank\" rel=\"noopener noreferrer\">Mt 13,31-32<\/a>):<\/p>\n<blockquote><p>\nZuerst sieht ein Senfkorn klein aus, unauff\u00e4llig; man k\u00f6nnte es gering sch\u00e4tzen. Es schmeckt nach nichts, duftet nicht, l\u00e4sst keine S\u00fc\u00dfe vermuten. Sobald es aber zermahlen ist, verstr\u00f6mt es seinen Duft und zeigt seine Kraft. Es brennt, und es brennt so heftig, dass es schon erstaunlich ist, wie ein so kleines K\u00f6rnchen ein derartiges Feuer entfalten kann &#8230; So scheint auch der christliche Glaube zuerst klein zu sein, unauff\u00e4llig und schwach. Er zeigt seine Kraft nicht, stellt seine Wirkkraft nicht zur Schau. Sobald er aber durch verschiedene Pr\u00fcfungen in die Enge ger\u00e4t, zeigt er seine Kraft, entfaltet seine Energie und verbreitet seinen gl\u00fchenden Glauben an den Herrn. Das g\u00f6ttliche Feuer entfacht den Glauben zu einer derartigen Glut, dass der Glaube, selber ganz und gar gl\u00fchend, die entflammt, die daran Anteil haben. Das bezeugen Kleopas und sein Gef\u00e4hrte im hl. Evangelium, als der Herr nach seiner Passion mit ihnen redet: \u201eBrannte uns nicht das Herz in der Brust, als er unterwegs mit uns redete und uns den Sinn der Schrift erschloss?\u201c (<a href=\"https:\/\/www.bibleserver.com\/NLB\/Lukas24%2C32\" class=\"bibleserver extern\" target=\"_blank\" rel=\"noopener noreferrer\">Lk 24,32<\/a>) [&#8230;] (zitiert aus&nbsp;<a href=\"http:\/\/evangeliumtagfuertag.org\/main.php?language=DE&amp;module=commentary&amp;localdate=20160810\">Evangelium Tag f\u00fcr Tag<\/a>)&nbsp;<\/p><\/blockquote>\n","protected":false},"excerpt":{"rendered":"<p>Es gibt ja Menschen, die m\u00f6gen Herausforderungen. Die lieben und brauchen sie, um ein spannendes Leben zu f\u00fchren. Das kann ich zu einem gewissen Grad nachvollziehen. Denn nat\u00fcrlich will kaum jemand ein langweiliges Leben haben. Aber daf\u00fcr die eigene Bequemlichkeit aufgeben und m\u00f6glicherweise seine \u00c4ngste \u00fcberwinden m\u00fcssen?&nbsp;<\/p>\n","protected":false},"author":1,"featured_media":0,"comment_status":"open","ping_status":"open","sticky":false,"template":"","format":"standard","meta":{"jetpack_post_was_ever_published":false,"_jetpack_newsletter_access":"","_jetpack_dont_email_post_to_subs":false,"_jetpack_newsletter_tier_id":0,"_jetpack_memberships_contains_paywalled_content":false,"_jetpack_memberships_contains_paid_content":false,"footnotes":""},"categories":[2],"tags":[258],"class_list":["post-4583","post","type-post","status-publish","format-standard","hentry","category-allgemein","tag-senfkorn"],"jetpack_featured_media_url":"","jetpack_shortlink":"https:\/\/wp.me\/p4Sdv6-1bV","jetpack_sharing_enabled":true,"_links":{"self":[{"href":"https:\/\/www.projekt-kirche.de\/index.php?rest_route=\/wp\/v2\/posts\/4583","targetHints":{"allow":["GET"]}}],"collection":[{"href":"https:\/\/www.projekt-kirche.de\/index.php?rest_route=\/wp\/v2\/posts"}],"about":[{"href":"https:\/\/www.projekt-kirche.de\/index.php?rest_route=\/wp\/v2\/types\/post"}],"author":[{"embeddable":true,"href":"https:\/\/www.projekt-kirche.de\/index.php?rest_route=\/wp\/v2\/users\/1"}],"replies":[{"embeddable":true,"href":"https:\/\/www.projekt-kirche.de\/index.php?rest_route=%2Fwp%2Fv2%2Fcomments&post=4583"}],"version-history":[{"count":4,"href":"https:\/\/www.projekt-kirche.de\/index.php?rest_route=\/wp\/v2\/posts\/4583\/revisions"}],"predecessor-version":[{"id":8410,"href":"https:\/\/www.projekt-kirche.de\/index.php?rest_route=\/wp\/v2\/posts\/4583\/revisions\/8410"}],"wp:attachment":[{"href":"https:\/\/www.projekt-kirche.de\/index.php?rest_route=%2Fwp%2Fv2%2Fmedia&parent=4583"}],"wp:term":[{"taxonomy":"category","embeddable":true,"href":"https:\/\/www.projekt-kirche.de\/index.php?rest_route=%2Fwp%2Fv2%2Fcategories&post=4583"},{"taxonomy":"post_tag","embeddable":true,"href":"https:\/\/www.projekt-kirche.de\/index.php?rest_route=%2Fwp%2Fv2%2Ftags&post=4583"}],"curies":[{"name":"wp","href":"https:\/\/api.w.org\/{rel}","templated":true}]}}