{"id":4666,"date":"2016-09-29T10:27:53","date_gmt":"2016-09-29T08:27:53","guid":{"rendered":"http:\/\/www.projekt-kirche.de\/?p=4666"},"modified":"2020-05-08T16:45:29","modified_gmt":"2020-05-08T14:45:29","slug":"was-ist-das-wahre-ziel-im-leben","status":"publish","type":"post","link":"https:\/\/www.projekt-kirche.de\/?p=4666","title":{"rendered":"Was ist das wahre Ziel im Leben?\u00a0"},"content":{"rendered":"<div class=\"shariff\" data-title=\"Was ist das wahre Ziel im Leben?\u00a0\" data-info-url=\"http:\/\/ct.de\/-2467514\" data-backend-url=\"https:\/\/www.projekt-kirche.de\/wp-content\/plugins\/shariff-sharing\/backend\/index.php\" data-temp=\"\/tmp\" data-ttl=\"60\" data-service=\"gftr\" data-services='[\"googleplus\",\"facebook\",\"twitter\",\"reddit\",\"info\"]' data-image=\"\" data-url=\"https:\/\/www.projekt-kirche.de\/?p=4666\" data-lang=\"de\" data-theme=\"colored\" data-orientation=\"horizontal\"><\/div><p><a href=\"https:\/\/i0.wp.com\/www.projekt-kirche.de\/wp-content\/uploads\/2016\/09\/wp-1475137460052.jpg\"><img data-recalc-dims=\"1\" loading=\"lazy\" decoding=\"async\" class=\"wp-image-4665 alignnone size-full alignleft\" src=\"https:\/\/i0.wp.com\/www.projekt-kirche.de\/wp-content\/uploads\/2016\/09\/wp-1475137460052.jpg?resize=629%2C629\" alt=\"\" width=\"629\" height=\"629\" \/><\/a><\/p>\n<blockquote><p><span style=\"color:#404040;font-family:'Open Sans', 'Helvetica Neue', Helvetica, Arial, sans-serif\"><span style=\"font-size:13px\"><span style=\"background-color:#ffffff\">Und das ewige Leben zu haben hei\u00dft, dich zu kennen, den einzigen wahren Gott, und den zu kennen, den du gesandt hast, Jesus Christus. (<a href=\"https:\/\/www.bibleserver.com\/NLB\/Johannes17%2C3\" class=\"bibleserver extern\" target=\"_blank\" rel=\"noopener noreferrer\">Joh 17,3<\/a> NG\u00dc2011)\u00a0<\/span><\/span><\/span><\/p><\/blockquote>\n<p style=\"text-align:left\"><span style=\"color:#404040;font-family:'Open Sans', 'Helvetica Neue', Helvetica, Arial, sans-serif;font-size:13px;background-color:#ffffff\">&#8230; sagt Jesus im Gebet. Aber was genau meint er damit?\u00a0<\/span><!--more--><\/p>\n<p><span style=\"color:#404040;font-family:'Open Sans', 'Helvetica Neue', Helvetica, Arial, sans-serif;font-size:13px;background-color:#ffffff\">Ich denke<\/span><span style=\"background-color:#ffffff;color:#404040;font-family:'Open Sans', 'Helvetica Neue', Helvetica, Arial, sans-serif;font-size:13px\">, dass er damit ausdr\u00fccken will, dass es in unserem Leben nur ein wahres Ziel gibt und geben kann, n\u00e4mlich Gott zu kennen. \u00a0Nur dann erh\u00e4lt und bewahrt man das\u00a0<\/span><span style=\"background-color:#ffffff;color:#404040;font-family:'Open Sans', 'Helvetica Neue', Helvetica, Arial, sans-serif;font-size:13px\">ewige Leben, das Leben in F\u00fclle ohne Schmerz und Leid, das Leben, das Gott uns verhei\u00dfen hat.\u00a0<\/span><\/p>\n<p><span style=\"background-color:#ffffff;color:#404040;font-family:'Open Sans', 'Helvetica Neue', Helvetica, Arial, sans-serif;font-size:13px\">Und welchen Gott soll man kennen? Nicht irgendeinen, sondern den christlichen Gott, der sich als liebender Vater und als aufopferungsvoller Sohn und Bruder zu erkennen gibt. Das hei\u00dft aber auch, dass der Gott der Hindus, der Moslems oder irgendein anderer Gott, der nicht durch Jesus Christus offenbart wurde, \u00a0nicht das Ziel ist und dass man dadurch nicht das ewige Leben hat. Das so klar ausdr\u00fccken mag in unserer Zeit anst\u00f6\u00dfig zu sein, aber es ist das, was Jesus selbst gesagt und gelehrt hat und wir Christen auch glauben sollten.\u00a0<\/span><\/p>\n<p><span style=\"background-color:#ffffff;color:#404040;font-family:'Open Sans', 'Helvetica Neue', Helvetica, Arial, sans-serif;font-size:13px\">Und was hei\u00dft kennen? \u00a0Zu kennen hei\u00dft, \u00a0Gott wirklich zu kennen. Nicht einfach nur zu wissen, dass es ihn gibt, sondern ihn als Person, als Gegen\u00fcber, \u00a0als liebenden Vater, als aufopferungsvollen Bruder in Jesus Christus\u00a0<\/span><span style=\"background-color:#ffffff;color:#404040;font-family:'Open Sans', 'Helvetica Neue', Helvetica, Arial, sans-serif;font-size:13px\">zu kennen und zu lieben. Dazu braucht es Zeit. \u00a0Zeit, die wir z. B. im Gebet mit ihm verbringen k\u00f6nnen. Oder beim Meditieren \u00fcber biblische Texte. Die Zeit \u00a0die du &#8220;opferst&#8221;, um dich mit Gott zu besch\u00e4ftigen, mit ihm zu sprechen, um ihn immer besser kennen zu lernen ist eine sehr gut investierte Zeit. Alles andere folgt daraus. Die pers\u00f6nliche Zeit mit Gott, die Besch\u00e4ftigung mit ihm ist das Fundament, ohne dem man das Ziel des Lebens verpassen wird.\u00a0<\/span><\/p>\n","protected":false},"excerpt":{"rendered":"<p>Und das ewige Leben zu haben hei\u00dft, dich zu kennen, den einzigen wahren Gott, und den zu kennen, den du gesandt hast, Jesus Christus. (Joh 17,3 NG\u00dc2011)\u00a0 &#8230; sagt Jesus im Gebet. Aber was genau meint er damit?\u00a0<\/p>\n","protected":false},"author":1,"featured_media":0,"comment_status":"open","ping_status":"open","sticky":false,"template":"","format":"standard","meta":{"jetpack_post_was_ever_published":false,"_jetpack_newsletter_access":"","_jetpack_dont_email_post_to_subs":true,"_jetpack_newsletter_tier_id":0,"_jetpack_memberships_contains_paywalled_content":false,"_jetpack_memberships_contains_paid_content":false,"footnotes":""},"categories":[2],"tags":[],"class_list":["post-4666","post","type-post","status-publish","format-standard","hentry","category-allgemein"],"jetpack_featured_media_url":"","jetpack_shortlink":"https:\/\/wp.me\/p4Sdv6-1dg","jetpack_sharing_enabled":true,"_links":{"self":[{"href":"https:\/\/www.projekt-kirche.de\/index.php?rest_route=\/wp\/v2\/posts\/4666","targetHints":{"allow":["GET"]}}],"collection":[{"href":"https:\/\/www.projekt-kirche.de\/index.php?rest_route=\/wp\/v2\/posts"}],"about":[{"href":"https:\/\/www.projekt-kirche.de\/index.php?rest_route=\/wp\/v2\/types\/post"}],"author":[{"embeddable":true,"href":"https:\/\/www.projekt-kirche.de\/index.php?rest_route=\/wp\/v2\/users\/1"}],"replies":[{"embeddable":true,"href":"https:\/\/www.projekt-kirche.de\/index.php?rest_route=%2Fwp%2Fv2%2Fcomments&post=4666"}],"version-history":[{"count":4,"href":"https:\/\/www.projekt-kirche.de\/index.php?rest_route=\/wp\/v2\/posts\/4666\/revisions"}],"predecessor-version":[{"id":8443,"href":"https:\/\/www.projekt-kirche.de\/index.php?rest_route=\/wp\/v2\/posts\/4666\/revisions\/8443"}],"wp:attachment":[{"href":"https:\/\/www.projekt-kirche.de\/index.php?rest_route=%2Fwp%2Fv2%2Fmedia&parent=4666"}],"wp:term":[{"taxonomy":"category","embeddable":true,"href":"https:\/\/www.projekt-kirche.de\/index.php?rest_route=%2Fwp%2Fv2%2Fcategories&post=4666"},{"taxonomy":"post_tag","embeddable":true,"href":"https:\/\/www.projekt-kirche.de\/index.php?rest_route=%2Fwp%2Fv2%2Ftags&post=4666"}],"curies":[{"name":"wp","href":"https:\/\/api.w.org\/{rel}","templated":true}]}}