{"id":469,"date":"2008-10-13T21:32:36","date_gmt":"2008-10-13T19:32:36","guid":{"rendered":"http:\/\/sschweizer.wordpress.com\/?p=469"},"modified":"2020-05-08T16:11:19","modified_gmt":"2020-05-08T14:11:19","slug":"bibelworkshop-auf-der-suche-nach-gott","status":"publish","type":"post","link":"https:\/\/www.projekt-kirche.de\/?p=469","title":{"rendered":"Bibelworkshop &#8220;Auf der Suche nach Gott&#8221;"},"content":{"rendered":"<div class=\"shariff\" data-title=\"Bibelworkshop &#8220;Auf der Suche nach Gott&#8221;\" data-info-url=\"http:\/\/ct.de\/-2467514\" data-backend-url=\"https:\/\/www.projekt-kirche.de\/wp-content\/plugins\/shariff-sharing\/backend\/index.php\" data-temp=\"\/tmp\" data-ttl=\"60\" data-service=\"gftr\" data-services='[\"googleplus\",\"facebook\",\"twitter\",\"reddit\",\"info\"]' data-image=\"\" data-url=\"https:\/\/www.projekt-kirche.de\/?p=469\" data-lang=\"de\" data-theme=\"colored\" data-orientation=\"horizontal\"><\/div><p>Auf meinem neuen Blog <strong><a title=\"Bibelkommentar - Die Bibel erkl\u00e4rt\" href=\"http:\/\/bibelkommentar.wordpress.com\/\" target=\"_blank\" rel=\"noopener noreferrer\">Bibelkommentar &#8211; Die Bibel erkl\u00e4rt<\/a><\/strong> starte ich diese Woche einen <a title=\"Bibelworkshop &quot; Auf der Suche nach Gott&quot;\" href=\"http:\/\/bibelkommentar.wordpress.com\/2008\/10\/13\/bibelworkshop-auf-der-suche-nach-gott\/\" target=\"_blank\" rel=\"noopener noreferrer\">Bibelworkshop mit dem Titel &#8220;Auf der Suche nach Gott&#8221;<\/a>. Ich habe zwar schon eine grobe Vorstellung was diese Artikelserie beinhalten wird, aber ich bin gespannt, was tats\u00e4chlich daraus entstehen wird.<\/p>\n<p>Es w\u00e4re sch\u00f6n, wenn der eine oder andere Christ daf\u00fcr beten w\u00fcrde, dass Gott dieses Vorhaben begleitet und segnet. Und nat\u00fcrlich w\u00fcrde ich mich freuen, ein wenig Feedback und ggf. Verbesserungsvorschl\u00e4ge zu erhalten.<\/p>\n<p>Alle, die mehr von Gott erfahren wollen oder auch an Gott und Seiner Existenz zweifeln oder sich einfach f\u00fcr die Bibel interessieren sind herzlich eingeladen am Bibelworkshop teilzunehmen bzw. ihn mit zu verfolgen.<\/p>\n<p>Eine Fortsetzung des Bibelworkshops mit weiteren Themen ist \u00fcbrigens bereits eingeplant&#8230; \ud83d\ude09<\/p>\n","protected":false},"excerpt":{"rendered":"<p>Auf meinem neuen Blog Bibelkommentar &#8211; Die Bibel erkl\u00e4rt starte ich diese Woche einen Bibelworkshop mit dem Titel &#8220;Auf der Suche nach Gott&#8221;. Ich habe zwar schon eine grobe Vorstellung was diese Artikelserie beinhalten wird, aber ich bin gespannt, was tats\u00e4chlich daraus entstehen wird. Es w\u00e4re sch\u00f6n, wenn der eine oder andere Christ daf\u00fcr beten [&hellip;]<\/p>\n","protected":false},"author":1,"featured_media":0,"comment_status":"open","ping_status":"open","sticky":false,"template":"","format":"standard","meta":{"jetpack_post_was_ever_published":false,"_jetpack_newsletter_access":"","_jetpack_dont_email_post_to_subs":false,"_jetpack_newsletter_tier_id":0,"_jetpack_memberships_contains_paywalled_content":false,"_jetpack_memberships_contains_paid_content":false,"footnotes":""},"categories":[2],"tags":[120,130],"class_list":["post-469","post","type-post","status-publish","format-standard","hentry","category-allgemein","tag-auf-der-suche-nach-gott","tag-bibelworkshop"],"jetpack_featured_media_url":"","jetpack_shortlink":"https:\/\/wp.me\/p4Sdv6-7z","jetpack_sharing_enabled":true,"_links":{"self":[{"href":"https:\/\/www.projekt-kirche.de\/index.php?rest_route=\/wp\/v2\/posts\/469","targetHints":{"allow":["GET"]}}],"collection":[{"href":"https:\/\/www.projekt-kirche.de\/index.php?rest_route=\/wp\/v2\/posts"}],"about":[{"href":"https:\/\/www.projekt-kirche.de\/index.php?rest_route=\/wp\/v2\/types\/post"}],"author":[{"embeddable":true,"href":"https:\/\/www.projekt-kirche.de\/index.php?rest_route=\/wp\/v2\/users\/1"}],"replies":[{"embeddable":true,"href":"https:\/\/www.projekt-kirche.de\/index.php?rest_route=%2Fwp%2Fv2%2Fcomments&post=469"}],"version-history":[{"count":2,"href":"https:\/\/www.projekt-kirche.de\/index.php?rest_route=\/wp\/v2\/posts\/469\/revisions"}],"predecessor-version":[{"id":7770,"href":"https:\/\/www.projekt-kirche.de\/index.php?rest_route=\/wp\/v2\/posts\/469\/revisions\/7770"}],"wp:attachment":[{"href":"https:\/\/www.projekt-kirche.de\/index.php?rest_route=%2Fwp%2Fv2%2Fmedia&parent=469"}],"wp:term":[{"taxonomy":"category","embeddable":true,"href":"https:\/\/www.projekt-kirche.de\/index.php?rest_route=%2Fwp%2Fv2%2Fcategories&post=469"},{"taxonomy":"post_tag","embeddable":true,"href":"https:\/\/www.projekt-kirche.de\/index.php?rest_route=%2Fwp%2Fv2%2Ftags&post=469"}],"curies":[{"name":"wp","href":"https:\/\/api.w.org\/{rel}","templated":true}]}}