{"id":4773,"date":"2016-11-24T07:54:20","date_gmt":"2016-11-24T06:54:20","guid":{"rendered":"http:\/\/www.projekt-kirche.de\/?p=4773"},"modified":"2020-05-10T00:26:47","modified_gmt":"2020-05-09T22:26:47","slug":"ueber-das-ende-der-welt","status":"publish","type":"post","link":"https:\/\/www.projekt-kirche.de\/?p=4773","title":{"rendered":"\u00dcber das Ende der Welt\u00a0"},"content":{"rendered":"<div class=\"shariff\" data-title=\"\u00dcber das Ende der Welt\u00a0\" data-info-url=\"http:\/\/ct.de\/-2467514\" data-backend-url=\"https:\/\/www.projekt-kirche.de\/wp-content\/plugins\/shariff-sharing\/backend\/index.php\" data-temp=\"\/tmp\" data-ttl=\"60\" data-service=\"gftr\" data-services='[\"googleplus\",\"facebook\",\"twitter\",\"reddit\",\"info\"]' data-image=\"\" data-url=\"https:\/\/www.projekt-kirche.de\/?p=4773\" data-lang=\"de\" data-theme=\"colored\" data-orientation=\"horizontal\"><\/div><p><a style=\"color:#a7a7a7;text-decoration:none;font-weight:normal !important;border:none\" href=\"http:\/\/www.gettyimages.com\/detail\/568267883\" target=\"_blank\" rel=\"noopener noreferrer\">Embed from Getty Images<\/a><\/p>\n<div class=\"getty embed image\" style=\"background-color:#fff;font-family:'Helvetica Neue', Helvetica, Arial, sans-serif;color:#a7a7a7;font-size:11px;width:100%;max-width:508px\">\n<div style=\"overflow:hidden;height:0;padding:66.732283% 0 0;width:100%\"><a href=\"\/\/embed.gettyimages.com\/embed\/568267883?et=PY1Dd2JUToBQnwDlc_NoLg&#038;viewMoreLink=off&#038;sig=rltmapWtzwF4iCUfwDExVq_W33PFotrdUtDhTkJcQ6I=&#038;caption=true\">\/\/embed.gettyimages.com\/embed\/568267883?et=PY1Dd2JUToBQnwDlc_NoLg&#038;viewMoreLink=off&#038;sig=rltmapWtzwF4iCUfwDExVq_W33PFotrdUtDhTkJcQ6I=&#038;caption=true<\/a><\/div>\n<p style=\"margin:0\">\n<\/div>\n<p>&nbsp;<\/p>\n<p>Eine gute Zusammenfassung zur \u00a0die Frage, wann das Ende der Welt kommt von Origenes (um 185-253), Priester und Theologe:<\/p>\n<blockquote><p>Als der Retter kam, war schon das Ende der Welt da. Er sagte es \u00fcbrigens selbst, da er sich dem Ende der Zeiten zuordnete: \u201eKehrt um! Denn das Himmelreich ist nahe\u201c (<a href=\"https:\/\/www.bibleserver.com\/NLB\/Matth%C3%A4us4%2C17\" class=\"bibleserver extern\" target=\"_blank\" rel=\"noopener noreferrer\">Mt 4,17<\/a>). Er hat den Tag des Weltendes aber aufgehalten und verz\u00f6gert; er lie\u00df ihn nicht kommen. Denn Gott Vater, der sah, dass das Heil der V\u00f6lker nur durch Jesus gewirkt werden konnte, sprach zu ihm: \u201eFordere von mir, und ich gebe dir die V\u00f6lker zum Erbe, die Enden der Erde zum Eigentum\u201c (<a href=\"https:\/\/www.bibleserver.com\/NLB\/Psalm2%2C8\" class=\"bibleserver extern\" target=\"_blank\" rel=\"noopener noreferrer\">Ps 2,8<\/a>). Bis zur Erf\u00fcllung dieser Verhei\u00dfung des Vaters, bis zum Anwachsen der Kirchen der verschiedenen Nationen und bis zum Beitritt der \u201eHeiden in voller Zahl\u201c, damit zuletzt \u201eganz Israel gerettet\u201c sei (<a href=\"https:\/\/www.bibleserver.com\/NLB\/R%C3%B6mer11%2C25\" class=\"bibleserver extern\" target=\"_blank\" rel=\"noopener noreferrer\">R\u00f6m 11,25<\/a>) \u2013 bis dahin jener Tag hinausgeschoben, sein Eintreffen verz\u00f6gert. Die Sonne der Gerechtigkeit (<a href=\"https:\/\/www.bibleserver.com\/NLB\/Maleachi3%2C20\" class=\"bibleserver extern\" target=\"_blank\" rel=\"noopener noreferrer\">Mal 3,20<\/a>) geht nie unter, sondern strahlt weiterhin das Licht der Wahrheit in die Herzen der Gl\u00e4ubigen hinein.<\/p>\n<p>Wenn aber das Ma\u00df der Glaubenden voll ist, wenn das degenerierte und verdorbene Zeitalter der letzten Generation gekommen ist und wegen des Ausma\u00dfes des B\u00f6sen \u201edie Liebe vieler Menschen erkalten wird\u201c (vgl. <a href=\"https:\/\/www.bibleserver.com\/NLB\/Matth%C3%A4us24%2C12\" class=\"bibleserver extern\" target=\"_blank\" rel=\"noopener noreferrer\">Mt 24,12<\/a>) [&#8230;] dann \u201ewird die Zeit verk\u00fcrzt werden\u201c (vgl. <a href=\"https:\/\/www.bibleserver.com\/NLB\/Matth%C3%A4us24%2C22\" class=\"bibleserver extern\" target=\"_blank\" rel=\"noopener noreferrer\">Mt 24,22<\/a>). Ja, der gleiche Herr kann in Zeiten des Heiles die Tage verl\u00e4ngern und die Dauer des Drangsals und des Verderbens verk\u00fcrzen. Was uns betrifft, so \u201elasst uns ehrenhaft leben wie am Tag\u201c (<a href=\"https:\/\/www.bibleserver.com\/NLB\/R%C3%B6mer13%2C13\" class=\"bibleserver extern\" target=\"_blank\" rel=\"noopener noreferrer\">R\u00f6m 13,13<\/a>) und die Werke des Lichts vollbringen, solange wir leben und sich f\u00fcr uns die Zeit des Lichts verl\u00e4ngert. (Homilien zu Josua, 11,3\u22124, zitiert aus\u00a0<a href=\"http:\/\/evangeliumtagfuertag.org\/main.php?language=DE&amp;module=commentary&amp;localdate=20161124\">Evangelium Tag f\u00fcr Tag<\/a>)<\/p><\/blockquote>\n","protected":false},"excerpt":{"rendered":"<p>Embed from Getty Images \/\/embed.gettyimages.com\/embed\/568267883?et=PY1Dd2JUToBQnwDlc_NoLg&#038;viewMoreLink=off&#038;sig=rltmapWtzwF4iCUfwDExVq_W33PFotrdUtDhTkJcQ6I=&#038;caption=true &nbsp; Eine gute Zusammenfassung zur \u00a0die Frage, wann das Ende der Welt kommt von Origenes (um 185-253), Priester und Theologe: Als der Retter kam, war schon das Ende der Welt da. Er sagte es \u00fcbrigens selbst, da er sich dem Ende der Zeiten zuordnete: \u201eKehrt um! Denn das Himmelreich ist [&hellip;]<\/p>\n","protected":false},"author":1,"featured_media":0,"comment_status":"open","ping_status":"open","sticky":false,"template":"","format":"standard","meta":{"jetpack_post_was_ever_published":false,"_jetpack_newsletter_access":"","_jetpack_dont_email_post_to_subs":true,"_jetpack_newsletter_tier_id":0,"_jetpack_memberships_contains_paywalled_content":false,"_jetpack_memberships_contains_paid_content":false,"footnotes":""},"categories":[2],"tags":[],"class_list":["post-4773","post","type-post","status-publish","format-standard","hentry","category-allgemein"],"jetpack_featured_media_url":"","jetpack_shortlink":"https:\/\/wp.me\/p4Sdv6-1eZ","jetpack_sharing_enabled":true,"_links":{"self":[{"href":"https:\/\/www.projekt-kirche.de\/index.php?rest_route=\/wp\/v2\/posts\/4773","targetHints":{"allow":["GET"]}}],"collection":[{"href":"https:\/\/www.projekt-kirche.de\/index.php?rest_route=\/wp\/v2\/posts"}],"about":[{"href":"https:\/\/www.projekt-kirche.de\/index.php?rest_route=\/wp\/v2\/types\/post"}],"author":[{"embeddable":true,"href":"https:\/\/www.projekt-kirche.de\/index.php?rest_route=\/wp\/v2\/users\/1"}],"replies":[{"embeddable":true,"href":"https:\/\/www.projekt-kirche.de\/index.php?rest_route=%2Fwp%2Fv2%2Fcomments&post=4773"}],"version-history":[{"count":4,"href":"https:\/\/www.projekt-kirche.de\/index.php?rest_route=\/wp\/v2\/posts\/4773\/revisions"}],"predecessor-version":[{"id":8585,"href":"https:\/\/www.projekt-kirche.de\/index.php?rest_route=\/wp\/v2\/posts\/4773\/revisions\/8585"}],"wp:attachment":[{"href":"https:\/\/www.projekt-kirche.de\/index.php?rest_route=%2Fwp%2Fv2%2Fmedia&parent=4773"}],"wp:term":[{"taxonomy":"category","embeddable":true,"href":"https:\/\/www.projekt-kirche.de\/index.php?rest_route=%2Fwp%2Fv2%2Fcategories&post=4773"},{"taxonomy":"post_tag","embeddable":true,"href":"https:\/\/www.projekt-kirche.de\/index.php?rest_route=%2Fwp%2Fv2%2Ftags&post=4773"}],"curies":[{"name":"wp","href":"https:\/\/api.w.org\/{rel}","templated":true}]}}