{"id":4791,"date":"2017-01-02T20:49:03","date_gmt":"2017-01-02T19:49:03","guid":{"rendered":"http:\/\/www.projekt-kirche.de\/?p=4791"},"modified":"2020-05-08T22:32:07","modified_gmt":"2020-05-08T20:32:07","slug":"es-geht-um-jesus","status":"publish","type":"post","link":"https:\/\/www.projekt-kirche.de\/?p=4791","title":{"rendered":"Es geht um Jesus!"},"content":{"rendered":"<div class=\"shariff\" data-title=\"Es geht um Jesus!\" data-info-url=\"http:\/\/ct.de\/-2467514\" data-backend-url=\"https:\/\/www.projekt-kirche.de\/wp-content\/plugins\/shariff-sharing\/backend\/index.php\" data-temp=\"\/tmp\" data-ttl=\"60\" data-service=\"gftr\" data-services='[\"googleplus\",\"facebook\",\"twitter\",\"reddit\",\"info\"]' data-image=\"\" data-url=\"https:\/\/www.projekt-kirche.de\/?p=4791\" data-lang=\"de\" data-theme=\"colored\" data-orientation=\"horizontal\"><\/div><p>Um was geht es eigentlich im christlichen Glauben?<\/p>\n<p>In manchen Gottesdiensten bzw. Predigten habe ich den Eindruck, dass es &#8220;nur&#8221; darum geht ein guter Mensch zu sein\u00a0oder zu werden.\u00a0Da geht es um Fairness, Hilfe f\u00fcr Bed\u00fcrftige und Solidarit\u00e4t mit den Schwachen.\u00a0Alles nicht falsch, aber brauche ich dazu einen Glauben an Gott? Geht das nicht auch ohne?<\/p>\n<p>Oder es wird gesagt, dass Gott uns im Leben begleitet, auch in schweren Zeiten.\u00a0Auch nicht falsch. Aber ist das alles?<\/p>\n<p>Oder es wird betont, dass Gott uns bedingungslos liebt und uns annimmt wie wir sind.\u00a0Auch richtig. Aber gibt es nicht auch etwas zu ver\u00e4ndern?<!--more--><\/p>\n<p>Ich finde, dass der katholische Gottesdienst eigentlich sehr sch\u00f6n und ausgewogen erlebbar macht, um was es geht.<\/p>\n<p>Er beginnt mit dem Schuldbekenntnis, was deutlich macht, dass wir nicht vollkommen sind und immer wieder der Vergebung bed\u00fcrfen. Dass wir uns best\u00e4ndig ver\u00e4ndern m\u00fcssen.\u00a0Aber f\u00fcr was? Um einfach nur ein guter Mensch zu sein und sich dar\u00fcber gut f\u00fchlen zu k\u00f6nnen?<\/p>\n<p>Nein, es geht um die Vorbereitung, um Jesus Christus (in der Kommunion) begegnen zu k\u00f6nnen. Jesus ist vollkommen. Vollkommen als Mensch und vollkommen als Gott. Und er sehnt sich nach einer Beziehung mit uns. Darum geht es. Und eigentlich nur darum. Alles andere ist Beiwerk, notwendige Dinge, damit wir mit ihm leben k\u00f6nnen. In Freundschaft. In Liebe. In Leidenschaft.<\/p>\n<p>Und nat\u00fcrlich macht die S\u00fcnde, sofern sie nicht immer wieder bereut (und in der Beichte vergeben) wird, es sehr schwer bis unm\u00f6glich, mit Jesus (dauerhaft) eine echte Freundschaft und eine tiefe Gemeinschaft zu haben. Nur deshalb ist die Moral (und zwar so wie sie Gott sieht) so wichtig. Aber Moral ohne Ziel, Moral ohne den Wunsch Jesus kennen und lieben zu lernen ist leer. Sie f\u00fchrt letztendlich nicht zum Ziel und Sinn unseres Lebens.<\/p>\n<p>Auch ich vergesse das immer wieder. Was bringt es gut sein zu wollen, aber Jesus nicht begegnen zu wollen? Das w\u00e4re wie eine Ehe, in\u00a0der man sich zwar in allem korrekt verh\u00e4lt, aber seinen Ehepartner nicht wirklich liebt und keine Sehnsucht nach ihm hat. H\u00e4tte man da den Sinn der Ehe nicht vollkommen missverstanden und das Ziel verfehlt? H\u00e4tte man den wahren Schatz, f\u00fcr den man sich eigentlich abm\u00fcht nicht v\u00f6llig vergessen?<\/p>\n<p>So m\u00f6chte ich mir dieses Jahr vornehmen, wieder mehr Jesus selbst im Fokus zu haben, ihn zu lieben und mich von ihm lieben zu lassen.<\/p>\n<p><img data-recalc-dims=\"1\" loading=\"lazy\" decoding=\"async\" class=\"wp-image-4803 size-medium\" src=\"https:\/\/i0.wp.com\/www.projekt-kirche.de\/wp-content\/uploads\/2017\/01\/Jesus-Christus_Projekt-Kirche_2017-200x300.jpeg?resize=200%2C300\" width=\"200\" height=\"300\" \/><\/p>\n<p>&nbsp;<\/p>\n","protected":false},"excerpt":{"rendered":"<p>Um was geht es eigentlich im christlichen Glauben? In manchen Gottesdiensten bzw. Predigten habe ich den Eindruck, dass es &#8220;nur&#8221; darum geht ein guter Mensch zu sein\u00a0oder zu werden.\u00a0Da geht es um Fairness, Hilfe f\u00fcr Bed\u00fcrftige und Solidarit\u00e4t mit den Schwachen.\u00a0Alles nicht falsch, aber brauche ich dazu einen Glauben an Gott? Geht das nicht auch [&hellip;]<\/p>\n","protected":false},"author":1,"featured_media":0,"comment_status":"open","ping_status":"open","sticky":false,"template":"","format":"standard","meta":{"jetpack_post_was_ever_published":false,"_jetpack_newsletter_access":"","_jetpack_dont_email_post_to_subs":false,"_jetpack_newsletter_tier_id":0,"_jetpack_memberships_contains_paywalled_content":false,"_jetpack_memberships_contains_paid_content":false,"footnotes":""},"categories":[2],"tags":[],"class_list":["post-4791","post","type-post","status-publish","format-standard","hentry","category-allgemein"],"jetpack_featured_media_url":"","jetpack_shortlink":"https:\/\/wp.me\/p4Sdv6-1fh","jetpack_sharing_enabled":true,"_links":{"self":[{"href":"https:\/\/www.projekt-kirche.de\/index.php?rest_route=\/wp\/v2\/posts\/4791","targetHints":{"allow":["GET"]}}],"collection":[{"href":"https:\/\/www.projekt-kirche.de\/index.php?rest_route=\/wp\/v2\/posts"}],"about":[{"href":"https:\/\/www.projekt-kirche.de\/index.php?rest_route=\/wp\/v2\/types\/post"}],"author":[{"embeddable":true,"href":"https:\/\/www.projekt-kirche.de\/index.php?rest_route=\/wp\/v2\/users\/1"}],"replies":[{"embeddable":true,"href":"https:\/\/www.projekt-kirche.de\/index.php?rest_route=%2Fwp%2Fv2%2Fcomments&post=4791"}],"version-history":[{"count":1,"href":"https:\/\/www.projekt-kirche.de\/index.php?rest_route=\/wp\/v2\/posts\/4791\/revisions"}],"predecessor-version":[{"id":6403,"href":"https:\/\/www.projekt-kirche.de\/index.php?rest_route=\/wp\/v2\/posts\/4791\/revisions\/6403"}],"wp:attachment":[{"href":"https:\/\/www.projekt-kirche.de\/index.php?rest_route=%2Fwp%2Fv2%2Fmedia&parent=4791"}],"wp:term":[{"taxonomy":"category","embeddable":true,"href":"https:\/\/www.projekt-kirche.de\/index.php?rest_route=%2Fwp%2Fv2%2Fcategories&post=4791"},{"taxonomy":"post_tag","embeddable":true,"href":"https:\/\/www.projekt-kirche.de\/index.php?rest_route=%2Fwp%2Fv2%2Ftags&post=4791"}],"curies":[{"name":"wp","href":"https:\/\/api.w.org\/{rel}","templated":true}]}}