{"id":4877,"date":"2017-03-04T11:05:57","date_gmt":"2017-03-04T10:05:57","guid":{"rendered":"http:\/\/www.projekt-kirche.de\/?p=4877"},"modified":"2020-05-09T00:28:09","modified_gmt":"2020-05-08T22:28:09","slug":"das-lied-der-liebe","status":"publish","type":"post","link":"https:\/\/www.projekt-kirche.de\/?p=4877","title":{"rendered":"Das Lied der Liebe"},"content":{"rendered":"<div class=\"shariff\" data-title=\"Das Lied der Liebe\" data-info-url=\"http:\/\/ct.de\/-2467514\" data-backend-url=\"https:\/\/www.projekt-kirche.de\/wp-content\/plugins\/shariff-sharing\/backend\/index.php\" data-temp=\"\/tmp\" data-ttl=\"60\" data-service=\"gftr\" data-services='[\"googleplus\",\"facebook\",\"twitter\",\"reddit\",\"info\"]' data-image=\"\" data-url=\"https:\/\/www.projekt-kirche.de\/?p=4877\" data-lang=\"de\" data-theme=\"colored\" data-orientation=\"horizontal\"><\/div><p><img loading=\"lazy\" decoding=\"async\" width=\"1590\" height=\"2132\" class=\"wp-image-4879 alignnone size-full\" src=\"http:\/\/i0.wp.com\/www.projekt-kirche.de\/wp-content\/uploads\/2017\/03\/wp-1488622323676.jpg?w=674\" srcset=\"https:\/\/i0.wp.com\/www.projekt-kirche.de\/wp-content\/uploads\/2017\/03\/wp-1488622323676.jpg?w=1590&amp;ssl=1 1590w, https:\/\/i0.wp.com\/www.projekt-kirche.de\/wp-content\/uploads\/2017\/03\/wp-1488622323676.jpg?resize=224%2C300&amp;ssl=1 224w, https:\/\/i0.wp.com\/www.projekt-kirche.de\/wp-content\/uploads\/2017\/03\/wp-1488622323676.jpg?resize=768%2C1030&amp;ssl=1 768w, https:\/\/i0.wp.com\/www.projekt-kirche.de\/wp-content\/uploads\/2017\/03\/wp-1488622323676.jpg?resize=764%2C1024&amp;ssl=1 764w, https:\/\/i0.wp.com\/www.projekt-kirche.de\/wp-content\/uploads\/2017\/03\/wp-1488622323676.jpg?resize=900%2C1207&amp;ssl=1 900w, https:\/\/i0.wp.com\/www.projekt-kirche.de\/wp-content\/uploads\/2017\/03\/wp-1488622323676.jpg?resize=1280%2C1716&amp;ssl=1 1280w\" sizes=\"auto, (max-width: 629px) 100vw, 629px\" \/><\/p>\n<p><b>Das Lied der Liebe<\/b><\/p>\n<p style=\"padding-left:30px\"><!--more--><\/p>\n<blockquote><p>Christus schreit am Kreuz laut auf [&#8230;] Er bietet den Frieden an, er wendet sich an dich, denn er w\u00fcnscht, dass auch du die Liebe umarmst [&#8230;]: Bedenke das, Geliebter! Ich, der grenzenlose Sch\u00f6pfer, habe Fleisch angenommen, \u00a0von einer Frau geboren werden zu k\u00f6nnen. Ich, Gott, habe mich als Bettler zu den Bettlern begeben. Ich habe eine dem\u00fctige Frau zur Mutter erw\u00e4hlt. Mit den Z\u00f6llnern habe ich gegessen. Die S\u00fcnder habe ich nicht zur\u00fcckgewiesen. Die Verfolger habe ich ertragen. Die Gei\u00dfel habe ich zu sp\u00fcren bekommen und \u201ebis zum Tod am Kreuz\u201c (<a href=\"https:\/\/www.bibleserver.com\/NLB\/Philipper2%2C8\" class=\"bibleserver extern\" target=\"_blank\" rel=\"noopener noreferrer\">Phil 2,8<\/a>) habe ich mich erniedrigt. Was h\u00e4tte ich tun k\u00f6nnen und habe es nicht getan? (vgl. <a href=\"https:\/\/www.bibleserver.com\/NLB\/Jesaja5%2C4\" class=\"bibleserver extern\" target=\"_blank\" rel=\"noopener noreferrer\">Jes 5,4<\/a>). Ich habe meine Seite mit der Lanze \u00f6ffnen lassen. Meine H\u00e4nde und F\u00fc\u00dfe habe ich durchbohren lassen. Warum schaust du nicht auf mein blut\u00fcberstr\u00f6mtes Fleisch? Warum achtest du nicht auf mein geneigtes Haupt (vgl. <a href=\"https:\/\/www.bibleserver.com\/NLB\/Johannes19%2C30\" class=\"bibleserver extern\" target=\"_blank\" rel=\"noopener noreferrer\">Joh 19,30<\/a>)? Ich lasse mich den Verdammten zuz\u00e4hlen und sterbe erdr\u00fcckt unter Schmerzen f\u00fcr dich, damit du f\u00fcr mich leben m\u00f6gest. Wenn du dich nicht allzu sehr hervorhebst, wenn du dich nicht den Fesseln des Todes entrei\u00dfen willst, dann kehre wenigstens jetzt um, weil ich f\u00fcr dich den kostbaren Balsam, der mein eigenes Blut ist, vergossen habe. Blicke mich an, wie ich sterbe und halte an auf dem Abhang der S\u00fcnde. Ja, h\u00f6re auf zu s\u00fcndigen: Du bist um einen so teuren Preis erkauft! F\u00fcr dich wurde ich Mensch, f\u00fcr dich bin ich geboren worden, f\u00fcr dich habe ich mich dem Gesetz unterstellt, f\u00fcr dich wurde ich getauft, dem Spott preisgegeben, gefangengenommen, verh\u00f6hnt, bespuckt, gegei\u00dfelt, verletzt, ans Kreuz geheftet, mit Essig getr\u00e4nkt und schlie\u00dflich wurde ich f\u00fcr dich geopfert. Meine Seite ist ge\u00f6ffnet: ergreife mein Herz. Laufe herbei, falle mir um den Hals: ich schenke dir meinen Kuss. Ich habe dich erworben als mein Erbteil, so dass kein anderer dich besitzen kann. Gib dich mir ganz hin, der ich mich ganz f\u00fcr dich hingegeben habe. (Das Lied der Liebe, 32 von Richard Rolle (um 1300-1349), englischer Einsiedler, aus\u00a0<a href=\"http:\/\/evangeliumtagfuertag.org\/main.php?language=DE&amp;module=commentary&amp;localdate=20170304\">Evangelium Tag f\u00fcr Tag<\/a>)<\/p><\/blockquote>\n","protected":false},"excerpt":{"rendered":"<p>Das Lied der Liebe<\/p>\n","protected":false},"author":1,"featured_media":0,"comment_status":"open","ping_status":"open","sticky":false,"template":"","format":"standard","meta":{"jetpack_post_was_ever_published":false,"_jetpack_newsletter_access":"","_jetpack_dont_email_post_to_subs":true,"_jetpack_newsletter_tier_id":0,"_jetpack_memberships_contains_paywalled_content":false,"_jetpack_memberships_contains_paid_content":false,"footnotes":""},"categories":[2],"tags":[],"class_list":["post-4877","post","type-post","status-publish","format-standard","hentry","category-allgemein"],"jetpack_featured_media_url":"","jetpack_shortlink":"https:\/\/wp.me\/p4Sdv6-1gF","jetpack_sharing_enabled":true,"_links":{"self":[{"href":"https:\/\/www.projekt-kirche.de\/index.php?rest_route=\/wp\/v2\/posts\/4877","targetHints":{"allow":["GET"]}}],"collection":[{"href":"https:\/\/www.projekt-kirche.de\/index.php?rest_route=\/wp\/v2\/posts"}],"about":[{"href":"https:\/\/www.projekt-kirche.de\/index.php?rest_route=\/wp\/v2\/types\/post"}],"author":[{"embeddable":true,"href":"https:\/\/www.projekt-kirche.de\/index.php?rest_route=\/wp\/v2\/users\/1"}],"replies":[{"embeddable":true,"href":"https:\/\/www.projekt-kirche.de\/index.php?rest_route=%2Fwp%2Fv2%2Fcomments&post=4877"}],"version-history":[{"count":4,"href":"https:\/\/www.projekt-kirche.de\/index.php?rest_route=\/wp\/v2\/posts\/4877\/revisions"}],"predecessor-version":[{"id":8544,"href":"https:\/\/www.projekt-kirche.de\/index.php?rest_route=\/wp\/v2\/posts\/4877\/revisions\/8544"}],"wp:attachment":[{"href":"https:\/\/www.projekt-kirche.de\/index.php?rest_route=%2Fwp%2Fv2%2Fmedia&parent=4877"}],"wp:term":[{"taxonomy":"category","embeddable":true,"href":"https:\/\/www.projekt-kirche.de\/index.php?rest_route=%2Fwp%2Fv2%2Fcategories&post=4877"},{"taxonomy":"post_tag","embeddable":true,"href":"https:\/\/www.projekt-kirche.de\/index.php?rest_route=%2Fwp%2Fv2%2Ftags&post=4877"}],"curies":[{"name":"wp","href":"https:\/\/api.w.org\/{rel}","templated":true}]}}