{"id":4882,"date":"2017-03-05T09:49:29","date_gmt":"2017-03-05T08:49:29","guid":{"rendered":"http:\/\/www.projekt-kirche.de\/?p=4882"},"modified":"2020-05-09T00:28:08","modified_gmt":"2020-05-08T22:28:08","slug":"ueber-das-fasten","status":"publish","type":"post","link":"https:\/\/www.projekt-kirche.de\/?p=4882","title":{"rendered":"\u00dcber das Fasten"},"content":{"rendered":"<div class=\"shariff\" data-title=\"\u00dcber das Fasten\" data-info-url=\"http:\/\/ct.de\/-2467514\" data-backend-url=\"https:\/\/www.projekt-kirche.de\/wp-content\/plugins\/shariff-sharing\/backend\/index.php\" data-temp=\"\/tmp\" data-ttl=\"60\" data-service=\"gftr\" data-services='[\"googleplus\",\"facebook\",\"twitter\",\"reddit\",\"info\"]' data-image=\"\" data-url=\"https:\/\/www.projekt-kirche.de\/?p=4882\" data-lang=\"de\" data-theme=\"colored\" data-orientation=\"horizontal\"><\/div><p>Isaak der Syrer (7. Jh.), M\u00f6nch in Ninive bei Mossul im heutigen Irak, schreibt \u00fcber das Fasten in &#8220;Asketische Reden, 1. Serie, Nr. 85&#8221;:<\/p>\n<p><!--more--><\/p>\n<blockquote><p>Wie das Verlangen nach Licht dem gesunden Auge eigen ist, so folgt das Verlangen nach dem Gebet auf das mit Unterscheidung ge\u00fcbte Fasten. Wenn ein Mensch zu fasten beginnt, dann w\u00fcnscht er sich, mit Gott verkehren zu k\u00f6nnen in den Gedanken seines Geistes. Tats\u00e4chlich vermag der K\u00f6rper, der fastet, nicht die ganze Nacht auf seinem Bett zu schlafen. Wenn das Fasten den Mund des Menschen versiegelt hat, verbringt er seine Zeit voller Zerknirschung in Betrachtung, sein Herz betet, sein Antlitz ist ernst, schlechte Gedanken verlassen ihn. Er ist den Gel\u00fcsten und unn\u00fctzen Gespr\u00e4chen Feind. Niemals hat man einen Menschen gesehen, der mit Bedacht fastet und dem schlechten Begehren ausgeliefert ist. Das bed\u00e4chtige Fasten ist eine weitl\u00e4ufige Wohnung, in der alles Gute untergebracht ist\u2026 Denn das Fasten ist ein Gebot, das von Anfang an unserer Natur gegeben worden ist, um sie davor zu bewahren, von der Frucht des Baumes zu essen (vgl. <a href=\"https:\/\/www.bibleserver.com\/NLB\/1.Mose2%2C17\" class=\"bibleserver extern\" target=\"_blank\" rel=\"noopener noreferrer\">Gen 2,17<\/a>). Von dort her n\u00e4mlich kommt alles das, was uns t\u00e4uschen will [&#8230;] Von dort her hat auch der Erl\u00f6ser [sein Werk] begonnen, als er sich der Welt im Jordan zu erkennen gab. Denn nach der Taufe hat ihn der Geist in die W\u00fcste gef\u00fchrt, wo er vierzig Tage und vierzig N\u00e4chte gefastet hat (<a href=\"https:\/\/www.bibleserver.com\/NLB\/Matth%C3%A4us4%2C1-11\" class=\"bibleserver extern\" target=\"_blank\" rel=\"noopener noreferrer\">Mt4,1-11<\/a>). Alle, die aufgebrochen sind, um ihm zu folgen, machen es seither genauso: auf dieses Fundament bauen sie die Grundmauern ihres Kampfes auf, denn diese Waffe wurde von Gott geschmiedet [&#8230;] Und wenn nun der Teufel diese Waffe in der Hand eines Menschen sieht, bef\u00e4llt diesen Widersacher und Tyrann die Furcht. Sofort denkt er an die Niederlage, die ihm der Erl\u00f6ser in der W\u00fcste beigebracht hat. Er erinnert sich daran und seine Macht ist gebrochen. Er verzehrt sich, sobald er die Waffe sieht, die uns der \u00fcbergeben hat, der uns im Kampf anf\u00fchrt. Welche Waffe ist st\u00e4rker und belebt besser das Herz im Kampf gegen die Geister des B\u00f6sen? (aus:\u00a0<a href=\"http:\/\/evangeliumtagfuertag.org\/main.php?language=DE&amp;module=commentary&amp;localdate=20170305\">Evangelium Tag f\u00fcr Tag<\/a>)<\/p><\/blockquote>\n","protected":false},"excerpt":{"rendered":"<p>Isaak der Syrer (7. Jh.), M\u00f6nch in Ninive bei Mossul im heutigen Irak, schreibt \u00fcber das Fasten in &#8220;Asketische Reden, 1. Serie, Nr. 85&#8221;:<\/p>\n","protected":false},"author":1,"featured_media":0,"comment_status":"open","ping_status":"open","sticky":false,"template":"","format":"standard","meta":{"jetpack_post_was_ever_published":false,"_jetpack_newsletter_access":"","_jetpack_dont_email_post_to_subs":true,"_jetpack_newsletter_tier_id":0,"_jetpack_memberships_contains_paywalled_content":false,"_jetpack_memberships_contains_paid_content":false,"footnotes":""},"categories":[2],"tags":[],"class_list":["post-4882","post","type-post","status-publish","format-standard","hentry","category-allgemein"],"jetpack_featured_media_url":"","jetpack_shortlink":"https:\/\/wp.me\/p4Sdv6-1gK","jetpack_sharing_enabled":true,"_links":{"self":[{"href":"https:\/\/www.projekt-kirche.de\/index.php?rest_route=\/wp\/v2\/posts\/4882","targetHints":{"allow":["GET"]}}],"collection":[{"href":"https:\/\/www.projekt-kirche.de\/index.php?rest_route=\/wp\/v2\/posts"}],"about":[{"href":"https:\/\/www.projekt-kirche.de\/index.php?rest_route=\/wp\/v2\/types\/post"}],"author":[{"embeddable":true,"href":"https:\/\/www.projekt-kirche.de\/index.php?rest_route=\/wp\/v2\/users\/1"}],"replies":[{"embeddable":true,"href":"https:\/\/www.projekt-kirche.de\/index.php?rest_route=%2Fwp%2Fv2%2Fcomments&post=4882"}],"version-history":[{"count":4,"href":"https:\/\/www.projekt-kirche.de\/index.php?rest_route=\/wp\/v2\/posts\/4882\/revisions"}],"predecessor-version":[{"id":8543,"href":"https:\/\/www.projekt-kirche.de\/index.php?rest_route=\/wp\/v2\/posts\/4882\/revisions\/8543"}],"wp:attachment":[{"href":"https:\/\/www.projekt-kirche.de\/index.php?rest_route=%2Fwp%2Fv2%2Fmedia&parent=4882"}],"wp:term":[{"taxonomy":"category","embeddable":true,"href":"https:\/\/www.projekt-kirche.de\/index.php?rest_route=%2Fwp%2Fv2%2Fcategories&post=4882"},{"taxonomy":"post_tag","embeddable":true,"href":"https:\/\/www.projekt-kirche.de\/index.php?rest_route=%2Fwp%2Fv2%2Ftags&post=4882"}],"curies":[{"name":"wp","href":"https:\/\/api.w.org\/{rel}","templated":true}]}}