{"id":4887,"date":"2017-03-07T08:06:16","date_gmt":"2017-03-07T07:06:16","guid":{"rendered":"http:\/\/www.projekt-kirche.de\/?p=4887"},"modified":"2020-05-08T17:29:10","modified_gmt":"2020-05-08T15:29:10","slug":"ueber-die-vergebung","status":"publish","type":"post","link":"https:\/\/www.projekt-kirche.de\/?p=4887","title":{"rendered":"\u00dcber die Vergebung"},"content":{"rendered":"<div class=\"shariff\" data-title=\"\u00dcber die Vergebung\" data-info-url=\"http:\/\/ct.de\/-2467514\" data-backend-url=\"https:\/\/www.projekt-kirche.de\/wp-content\/plugins\/shariff-sharing\/backend\/index.php\" data-temp=\"\/tmp\" data-ttl=\"60\" data-service=\"gftr\" data-services='[\"googleplus\",\"facebook\",\"twitter\",\"reddit\",\"info\"]' data-image=\"\" data-url=\"https:\/\/www.projekt-kirche.de\/?p=4887\" data-lang=\"de\" data-theme=\"colored\" data-orientation=\"horizontal\"><\/div><p>Die Vergebung ist das Gesetz<\/p>\n<blockquote><p>Der liebe Gott wird nur denjenigen vergeben, die ihrerseits auch vergeben haben: Das ist das Gesetz Gottes. Die Heiligen n\u00e4hren keinen Hass, keinen Vergeltungsgedanken in ihren Herzen: sie vergeben alles und meinen immer, sie verdienten weitaus mehr, wegen der vielen Kr\u00e4nkungen, die sie dem lieben Gott angetan haben. Sobald man seinen N\u00e4chsten hasst, gibt uns Gott diesen Hass an uns zur\u00fcck: es ist ein Wesenszug, der sich gegen uns selbst richtet. Neulich sagte ich jemandem: \u201eWollen Sie denn gar nicht in den Himmel kommen, dass Sie diesen Mann nicht mehr sehen wollen?\u201c, der antwortete: \u201eOh, doch [&#8230;], aber wir werden versuchen, weit voneinander entfernt zu sein, um uns nicht ansehen zu m\u00fcssen.\u201c Diese M\u00fche k\u00f6nnen sich die Beiden sparen: denn das Tor zum Himmel ist f\u00fcr jeglichen Hass verschlossen. Im Himmel gibt es keine Rachegel\u00fcste. Au\u00dferdem werden die guten und dem\u00fctigen Herzen, die Beschimpfungen und Verleumdungen mit Freude oder Indifferenz ertragen, schon hier auf Erden das Paradies erleben und jene, die Rachegef\u00fchle mit sich herumtragen, ungl\u00fccklich sein. Das Abwehrmittel gegen den Versucher, wenn er in uns Rachegef\u00fchle gegen die, die uns weh tun, hochkommen l\u00e4sst, ist, auf der Stelle f\u00fcr sie zu beten. Und dadurch gelingt es, das B\u00f6se mit dem Guten zu besiegen, und genauso machen es die Heiligen. (\u200bHl. Jean-Baptiste Marie Vianney (1786-1859), Priester, Pfarrer von Ars, zitiert aus&nbsp;<a href=\"http:\/\/evangeliumtagfuertag.org\/main.php?language=DE&amp;module=commentary&amp;localdate=20170307\">Evangelium Tag f\u00fcr Tag<\/a>).&nbsp;<\/p><\/blockquote>\n","protected":false},"excerpt":{"rendered":"<p>Die Vergebung ist das Gesetz Der liebe Gott wird nur denjenigen vergeben, die ihrerseits auch vergeben haben: Das ist das Gesetz Gottes. Die Heiligen n\u00e4hren keinen Hass, keinen Vergeltungsgedanken in ihren Herzen: sie vergeben alles und meinen immer, sie verdienten weitaus mehr, wegen der vielen Kr\u00e4nkungen, die sie dem lieben Gott angetan haben. Sobald man [&hellip;]<\/p>\n","protected":false},"author":1,"featured_media":0,"comment_status":"open","ping_status":"open","sticky":false,"template":"","format":"standard","meta":{"jetpack_post_was_ever_published":false,"_jetpack_newsletter_access":"","_jetpack_dont_email_post_to_subs":true,"_jetpack_newsletter_tier_id":0,"_jetpack_memberships_contains_paywalled_content":false,"_jetpack_memberships_contains_paid_content":false,"footnotes":""},"categories":[2],"tags":[],"class_list":["post-4887","post","type-post","status-publish","format-standard","hentry","category-allgemein"],"jetpack_featured_media_url":"","jetpack_shortlink":"https:\/\/wp.me\/p4Sdv6-1gP","jetpack_sharing_enabled":true,"_links":{"self":[{"href":"https:\/\/www.projekt-kirche.de\/index.php?rest_route=\/wp\/v2\/posts\/4887","targetHints":{"allow":["GET"]}}],"collection":[{"href":"https:\/\/www.projekt-kirche.de\/index.php?rest_route=\/wp\/v2\/posts"}],"about":[{"href":"https:\/\/www.projekt-kirche.de\/index.php?rest_route=\/wp\/v2\/types\/post"}],"author":[{"embeddable":true,"href":"https:\/\/www.projekt-kirche.de\/index.php?rest_route=\/wp\/v2\/users\/1"}],"replies":[{"embeddable":true,"href":"https:\/\/www.projekt-kirche.de\/index.php?rest_route=%2Fwp%2Fv2%2Fcomments&post=4887"}],"version-history":[{"count":1,"href":"https:\/\/www.projekt-kirche.de\/index.php?rest_route=\/wp\/v2\/posts\/4887\/revisions"}],"predecessor-version":[{"id":6353,"href":"https:\/\/www.projekt-kirche.de\/index.php?rest_route=\/wp\/v2\/posts\/4887\/revisions\/6353"}],"wp:attachment":[{"href":"https:\/\/www.projekt-kirche.de\/index.php?rest_route=%2Fwp%2Fv2%2Fmedia&parent=4887"}],"wp:term":[{"taxonomy":"category","embeddable":true,"href":"https:\/\/www.projekt-kirche.de\/index.php?rest_route=%2Fwp%2Fv2%2Fcategories&post=4887"},{"taxonomy":"post_tag","embeddable":true,"href":"https:\/\/www.projekt-kirche.de\/index.php?rest_route=%2Fwp%2Fv2%2Ftags&post=4887"}],"curies":[{"name":"wp","href":"https:\/\/api.w.org\/{rel}","templated":true}]}}