{"id":4889,"date":"2017-03-10T08:06:58","date_gmt":"2017-03-10T07:06:58","guid":{"rendered":"http:\/\/www.projekt-kirche.de\/?p=4889"},"modified":"2020-05-08T15:57:10","modified_gmt":"2020-05-08T13:57:10","slug":"ueber-die-versoehnungsbereitschaft","status":"publish","type":"post","link":"https:\/\/www.projekt-kirche.de\/?p=4889","title":{"rendered":"\u00dcber die Vers\u00f6hnungsbereitschaft"},"content":{"rendered":"<div class=\"shariff\" data-title=\"\u00dcber die Vers\u00f6hnungsbereitschaft\" data-info-url=\"http:\/\/ct.de\/-2467514\" data-backend-url=\"https:\/\/www.projekt-kirche.de\/wp-content\/plugins\/shariff-sharing\/backend\/index.php\" data-temp=\"\/tmp\" data-ttl=\"60\" data-service=\"gftr\" data-services='[\"googleplus\",\"facebook\",\"twitter\",\"reddit\",\"info\"]' data-image=\"\" data-url=\"https:\/\/www.projekt-kirche.de\/?p=4889\" data-lang=\"de\" data-theme=\"colored\" data-orientation=\"horizontal\"><\/div><p>Cyprian (um 200-258), Bischof von Karthago und M\u00e4rtyrer \u00fcber die Vers\u00f6hnungsbereitschaft:<\/p>\n<p><!--more--><\/p>\n<blockquote><p>\u201eNach dem Ma\u00df, mit dem ihr messt, werdet ihr gemessen werden\u201c (vgl. <a href=\"https:\/\/www.bibleserver.com\/NLB\/Matth%C3%A4us7%2C2\" class=\"bibleserver extern\" target=\"_blank\" rel=\"noopener noreferrer\">Mt 7,2<\/a>). Der Knecht, dem der Herr alle Schulden erlassen hatte, der aber nicht an einem seiner Mitknechte ebenso handeln wollte, wird ins Gef\u00e4ngnis geworfen. Er wollte nicht seinem Mitknecht vergeben, und verliert die Vergebung, die sein Herr ihm schon zugesprochen hatte (<a href=\"https:\/\/www.bibleserver.com\/NLB\/Matth%C3%A4us18%2C1.23-35\" class=\"bibleserver extern\" target=\"_blank\" rel=\"noopener noreferrer\">Mt 18,23ff.)<\/a>. In seiner Lehre spricht Christus diese Wahrheit scharf und streng aus. \u201eUnd wenn ihr beten wollt und ihr habt einem anderen etwas vorzuwerfen, dann vergebt ihm, damit auch euer Vater im Himmel euch eure Verfehlungen vergibt\u201c (<a href=\"https:\/\/www.bibleserver.com\/NLB\/Markus11%2C25\" class=\"bibleserver extern\" target=\"_blank\" rel=\"noopener noreferrer\">Mk 11,25<\/a>). Gott hat befohlen, dass wir friedfertig und in Eintracht leben sollen, in seinem Haus eines Sinnes sein sollen. Er will, dass wir als Wiedergeborene den Zustand bewahren sollen, den uns diese zweite Geburt erm\u00f6glicht hat. Da wir Kinder Gottes sind, will er, dass wir im Frieden Gottes bleiben und, da wir ein und denselben Geist empfangen haben, dass wir in der Einheit des Herzens und des Denkens seien. Auf diese Weise nimmt Gott das Opfer derer nicht an, die im Streit leben. Er gebietet, dass man dem Altar fernbleiben und sich zuerst mit seinem Bruder vers\u00f6hnen soll. So erst kann er die in Friedfertigkeit dargebrachten Gebete erh\u00f6ren. Das Sch\u00f6nste, was wir Gott als Opfer darbringen k\u00f6nnen, ist unser Friede, das br\u00fcderliche Einvernehmen; es ist ein Volk, das sich in der Einheit, wie sie zwischen dem Vater, dem Sohn und dem Heiligen Geist besteht, versammelt.(aus &#8220;Das Herrengebet&#8221;, 23; zitiert aus\u00a0<a href=\"http:\/\/evangeliumtagfuertag.org\/main.php?language=DE&amp;module=commentary&amp;localdate=20170310\">Evangelium Tag f\u00fcr Tag<\/a>)<\/p><\/blockquote>\n","protected":false},"excerpt":{"rendered":"<p>Cyprian (um 200-258), Bischof von Karthago und M\u00e4rtyrer \u00fcber die Vers\u00f6hnungsbereitschaft:<\/p>\n","protected":false},"author":1,"featured_media":0,"comment_status":"open","ping_status":"open","sticky":false,"template":"","format":"standard","meta":{"jetpack_post_was_ever_published":false,"_jetpack_newsletter_access":"","_jetpack_dont_email_post_to_subs":true,"_jetpack_newsletter_tier_id":0,"_jetpack_memberships_contains_paywalled_content":false,"_jetpack_memberships_contains_paid_content":false,"footnotes":""},"categories":[2],"tags":[],"class_list":["post-4889","post","type-post","status-publish","format-standard","hentry","category-allgemein"],"jetpack_featured_media_url":"","jetpack_shortlink":"https:\/\/wp.me\/p4Sdv6-1gR","jetpack_sharing_enabled":true,"_links":{"self":[{"href":"https:\/\/www.projekt-kirche.de\/index.php?rest_route=\/wp\/v2\/posts\/4889","targetHints":{"allow":["GET"]}}],"collection":[{"href":"https:\/\/www.projekt-kirche.de\/index.php?rest_route=\/wp\/v2\/posts"}],"about":[{"href":"https:\/\/www.projekt-kirche.de\/index.php?rest_route=\/wp\/v2\/types\/post"}],"author":[{"embeddable":true,"href":"https:\/\/www.projekt-kirche.de\/index.php?rest_route=\/wp\/v2\/users\/1"}],"replies":[{"embeddable":true,"href":"https:\/\/www.projekt-kirche.de\/index.php?rest_route=%2Fwp%2Fv2%2Fcomments&post=4889"}],"version-history":[{"count":4,"href":"https:\/\/www.projekt-kirche.de\/index.php?rest_route=\/wp\/v2\/posts\/4889\/revisions"}],"predecessor-version":[{"id":8420,"href":"https:\/\/www.projekt-kirche.de\/index.php?rest_route=\/wp\/v2\/posts\/4889\/revisions\/8420"}],"wp:attachment":[{"href":"https:\/\/www.projekt-kirche.de\/index.php?rest_route=%2Fwp%2Fv2%2Fmedia&parent=4889"}],"wp:term":[{"taxonomy":"category","embeddable":true,"href":"https:\/\/www.projekt-kirche.de\/index.php?rest_route=%2Fwp%2Fv2%2Fcategories&post=4889"},{"taxonomy":"post_tag","embeddable":true,"href":"https:\/\/www.projekt-kirche.de\/index.php?rest_route=%2Fwp%2Fv2%2Ftags&post=4889"}],"curies":[{"name":"wp","href":"https:\/\/api.w.org\/{rel}","templated":true}]}}