{"id":4958,"date":"2017-05-22T08:06:57","date_gmt":"2017-05-22T06:06:57","guid":{"rendered":"http:\/\/www.projekt-kirche.de\/?p=4958"},"modified":"2020-05-08T16:32:38","modified_gmt":"2020-05-08T14:32:38","slug":"das-koenigreich-gottes","status":"publish","type":"post","link":"https:\/\/www.projekt-kirche.de\/?p=4958","title":{"rendered":"Das K\u00f6nigreich Gottes"},"content":{"rendered":"<div class=\"shariff\" data-title=\"Das K\u00f6nigreich Gottes\" data-info-url=\"http:\/\/ct.de\/-2467514\" data-backend-url=\"https:\/\/www.projekt-kirche.de\/wp-content\/plugins\/shariff-sharing\/backend\/index.php\" data-temp=\"\/tmp\" data-ttl=\"60\" data-service=\"gftr\" data-services='[\"googleplus\",\"facebook\",\"twitter\",\"reddit\",\"info\"]' data-image=\"\" data-url=\"https:\/\/www.projekt-kirche.de\/?p=4958\" data-lang=\"de\" data-theme=\"colored\" data-orientation=\"horizontal\"><\/div><p><a href=\"https:\/\/i0.wp.com\/www.projekt-kirche.de\/wp-content\/uploads\/2017\/05\/img_20170520_193148086-2.jpg\"><img data-recalc-dims=\"1\" loading=\"lazy\" decoding=\"async\" src=\"https:\/\/i0.wp.com\/www.projekt-kirche.de\/wp-content\/uploads\/2017\/05\/img_20170520_193148086-2.jpg?resize=629%2C334\" alt=\"\" class=\"wp-image-4969 alignnone size-full\" width=\"629\" height=\"334\"><\/a><\/p>\n<p>Am Wochenende war ich beim Freundestreffen des&nbsp;<a href=\"https:\/\/gebetshaus.org\">Gebetshauses Augsburg<\/a>. Es war mal wieder sehr inspierend. Beim Vortrag von Johannes Hartl ging es darum, dass es zwei Realit\u00e4ten gibt: Die sichtbare Welt und das unsichtbare K\u00f6nigreich Gottes mit seiner ganz eigenen Logik. Selbst der damalige j\u00fcdische Lehrer Nikodemus musste das noch (von Jesus) lernen (vgl. <a href=\"https:\/\/www.bibleserver.com\/NLB\/Johannes3%2C1-36\" class=\"bibleserver extern\" target=\"_blank\" rel=\"noopener noreferrer\">Joh 3,1ff)<\/a>.&nbsp;<\/p>\n<p>Leider werden solche grundlegende Themen in der Kirche selten bis gar nicht behandelt. Denn selbst f\u00fcr viele Pfarrer gibt es eigentlich nur die sichtbare Welt mit den dort vorzufindenen Wahrheiten und Regeln. Dann ist aber nat\u00fcrlich klar, dass sich kaum jemand f\u00fcr die Kirche interessiert, wenn es dort nichts Neues zu lernen und zu erfahren gibt. Das K\u00f6nigreich Gottes ist aber anders und dort gibt es auch andere (oder weitere) Wahrheiten und andere Priorit\u00e4ten. Ein sehr spannendes Thema, bei dem es sich lohnt tiefer zu sch\u00fcrfen.&nbsp;<\/p>\n","protected":false},"excerpt":{"rendered":"<p>Am Wochenende war ich beim Freundestreffen des&nbsp;Gebetshauses Augsburg. Es war mal wieder sehr inspierend. Beim Vortrag von Johannes Hartl ging es darum, dass es zwei Realit\u00e4ten gibt: Die sichtbare Welt und das unsichtbare K\u00f6nigreich Gottes mit seiner ganz eigenen Logik. Selbst der damalige j\u00fcdische Lehrer Nikodemus musste das noch (von Jesus) lernen (vgl. Joh 3,1ff).&nbsp; [&hellip;]<\/p>\n","protected":false},"author":1,"featured_media":0,"comment_status":"open","ping_status":"open","sticky":false,"template":"","format":"standard","meta":{"jetpack_post_was_ever_published":false,"_jetpack_newsletter_access":"","_jetpack_dont_email_post_to_subs":false,"_jetpack_newsletter_tier_id":0,"_jetpack_memberships_contains_paywalled_content":false,"_jetpack_memberships_contains_paid_content":false,"footnotes":""},"categories":[2],"tags":[],"class_list":["post-4958","post","type-post","status-publish","format-standard","hentry","category-allgemein"],"jetpack_featured_media_url":"","jetpack_shortlink":"https:\/\/wp.me\/p4Sdv6-1hY","jetpack_sharing_enabled":true,"_links":{"self":[{"href":"https:\/\/www.projekt-kirche.de\/index.php?rest_route=\/wp\/v2\/posts\/4958","targetHints":{"allow":["GET"]}}],"collection":[{"href":"https:\/\/www.projekt-kirche.de\/index.php?rest_route=\/wp\/v2\/posts"}],"about":[{"href":"https:\/\/www.projekt-kirche.de\/index.php?rest_route=\/wp\/v2\/types\/post"}],"author":[{"embeddable":true,"href":"https:\/\/www.projekt-kirche.de\/index.php?rest_route=\/wp\/v2\/users\/1"}],"replies":[{"embeddable":true,"href":"https:\/\/www.projekt-kirche.de\/index.php?rest_route=%2Fwp%2Fv2%2Fcomments&post=4958"}],"version-history":[{"count":4,"href":"https:\/\/www.projekt-kirche.de\/index.php?rest_route=\/wp\/v2\/posts\/4958\/revisions"}],"predecessor-version":[{"id":8435,"href":"https:\/\/www.projekt-kirche.de\/index.php?rest_route=\/wp\/v2\/posts\/4958\/revisions\/8435"}],"wp:attachment":[{"href":"https:\/\/www.projekt-kirche.de\/index.php?rest_route=%2Fwp%2Fv2%2Fmedia&parent=4958"}],"wp:term":[{"taxonomy":"category","embeddable":true,"href":"https:\/\/www.projekt-kirche.de\/index.php?rest_route=%2Fwp%2Fv2%2Fcategories&post=4958"},{"taxonomy":"post_tag","embeddable":true,"href":"https:\/\/www.projekt-kirche.de\/index.php?rest_route=%2Fwp%2Fv2%2Ftags&post=4958"}],"curies":[{"name":"wp","href":"https:\/\/api.w.org\/{rel}","templated":true}]}}