{"id":4980,"date":"2017-06-12T12:18:46","date_gmt":"2017-06-12T10:18:46","guid":{"rendered":"http:\/\/www.projekt-kirche.de\/?p=4980"},"modified":"2020-05-08T15:09:05","modified_gmt":"2020-05-08T13:09:05","slug":"freut-euch-und-jubelt-euer-lohn-im-himmel-wird-gross-sein","status":"publish","type":"post","link":"https:\/\/www.projekt-kirche.de\/?p=4980","title":{"rendered":"Freut euch und jubelt: Euer Lohn im Himmel wird gro\u00df sein"},"content":{"rendered":"<div class=\"shariff\" data-title=\"Freut euch und jubelt: Euer Lohn im Himmel wird gro\u00df sein\" data-info-url=\"http:\/\/ct.de\/-2467514\" data-backend-url=\"https:\/\/www.projekt-kirche.de\/wp-content\/plugins\/shariff-sharing\/backend\/index.php\" data-temp=\"\/tmp\" data-ttl=\"60\" data-service=\"gftr\" data-services='[\"googleplus\",\"facebook\",\"twitter\",\"reddit\",\"info\"]' data-image=\"\" data-url=\"https:\/\/www.projekt-kirche.de\/?p=4980\" data-lang=\"de\" data-theme=\"colored\" data-orientation=\"horizontal\"><\/div><p>Der Hl. Johannes Chrysostomus (um 345-407), Priester in Antiochia und sp\u00e4ter Bischof von Konstantinopel, Kirchenlehrer erl\u00e4utert den Grund, warum Christen auch in Leid voller Freude sein k\u00f6nnen:<!--more--><\/p>\n<blockquote><p>Die Gl\u00e4ubigen allein haben das richtige Urteil \u00fcber die Dinge, und Anderes erweckt ihnen Freude und Trauer als den Kindern dieser Welt. Wer ohne Kenntnis von Wettk\u00e4mpfen einen Athleten sieht, mit Wunden am Leib und dem Siegeskranz auf dem Kopf, der wird nur auf die Wunden schauen, die diesem Menschen Schmerzen bereiten, doch hat er keine Vorstellung von der Freude, die solch eine Auszeichnung jenem bereitet. So ist es auch mit den Ungl\u00e4ubigen. Sie wissen, dass wir unter Pr\u00fcfungen leiden, aber wof\u00fcr wir sie erleiden, ist ihnen unbekannt. Sie sehen nur unsere Schmerzen. Sie sehen die K\u00e4mpfe, die wir f\u00fchren und die Gefahren, die uns bedrohen. Doch der Lohn und die Siegeskr\u00e4nze bleiben ihnen verborgen, genauso wie der Grund unserer K\u00e4mpfe. Dies bekr\u00e4ftigt Paulus wenn er sagt: \u201ewir haben nichts und haben doch alles\u201c (<a href=\"https:\/\/www.bibleserver.com\/NLB\/2.Korinther6%2C10\" class=\"bibleserver extern\" target=\"_blank\" rel=\"noopener noreferrer\">2 Kor 6,10<\/a>) [&#8230;] Was uns betrifft, so wollen auch wir, wenn wir um Christi willen leiden, dies nicht blo\u00df tapfer ertragen, sondern sogar freudig. Wenn wir fasten, wollen wir vor Freude jubeln, als w\u00fcrden wir schwelgen. Wenn man uns beleidigt, wollen wir uns herzlich freuen, als w\u00fcrden wir mit Lob \u00fcbersch\u00fcttet. Wenn wir einen Verlust erleiden, wollen wir ihn als Gewinn ansehen. Wenn wir dem Armen Almosen geben, wollen wir uns als Beschenkte betrachten [&#8230;] Vor allem anderen erinnere dich, dass du f\u00fcr den Herrn Jesus k\u00e4mpfst. Dann wirst von Herzen gern in den Kampf ziehen und immer voller Freude sein, denn nichts macht uns so gl\u00fccklich, wie das Richtige zu tun. (in 12. Homilie \u00fcber den zweiten Brief an die Korinther, 4, zitiert aus\u00a0<a href=\"http:\/\/www.evangeliumtagfuertag.org\/main.php?language=DE&amp;module=commentary&amp;localdate=20170612\">Evangelium Tag f\u00fcr Tag<\/a>)<\/p><\/blockquote>\n","protected":false},"excerpt":{"rendered":"<p>Der Hl. Johannes Chrysostomus (um 345-407), Priester in Antiochia und sp\u00e4ter Bischof von Konstantinopel, Kirchenlehrer erl\u00e4utert den Grund, warum Christen auch in Leid voller Freude sein k\u00f6nnen:<\/p>\n","protected":false},"author":1,"featured_media":0,"comment_status":"open","ping_status":"open","sticky":false,"template":"","format":"standard","meta":{"jetpack_post_was_ever_published":false,"_jetpack_newsletter_access":"","_jetpack_dont_email_post_to_subs":false,"_jetpack_newsletter_tier_id":0,"_jetpack_memberships_contains_paywalled_content":false,"_jetpack_memberships_contains_paid_content":false,"footnotes":""},"categories":[2],"tags":[110],"class_list":["post-4980","post","type-post","status-publish","format-standard","hentry","category-allgemein","tag-2-kor"],"jetpack_featured_media_url":"","jetpack_shortlink":"https:\/\/wp.me\/p4Sdv6-1ik","jetpack_sharing_enabled":true,"_links":{"self":[{"href":"https:\/\/www.projekt-kirche.de\/index.php?rest_route=\/wp\/v2\/posts\/4980","targetHints":{"allow":["GET"]}}],"collection":[{"href":"https:\/\/www.projekt-kirche.de\/index.php?rest_route=\/wp\/v2\/posts"}],"about":[{"href":"https:\/\/www.projekt-kirche.de\/index.php?rest_route=\/wp\/v2\/types\/post"}],"author":[{"embeddable":true,"href":"https:\/\/www.projekt-kirche.de\/index.php?rest_route=\/wp\/v2\/users\/1"}],"replies":[{"embeddable":true,"href":"https:\/\/www.projekt-kirche.de\/index.php?rest_route=%2Fwp%2Fv2%2Fcomments&post=4980"}],"version-history":[{"count":4,"href":"https:\/\/www.projekt-kirche.de\/index.php?rest_route=\/wp\/v2\/posts\/4980\/revisions"}],"predecessor-version":[{"id":8400,"href":"https:\/\/www.projekt-kirche.de\/index.php?rest_route=\/wp\/v2\/posts\/4980\/revisions\/8400"}],"wp:attachment":[{"href":"https:\/\/www.projekt-kirche.de\/index.php?rest_route=%2Fwp%2Fv2%2Fmedia&parent=4980"}],"wp:term":[{"taxonomy":"category","embeddable":true,"href":"https:\/\/www.projekt-kirche.de\/index.php?rest_route=%2Fwp%2Fv2%2Fcategories&post=4980"},{"taxonomy":"post_tag","embeddable":true,"href":"https:\/\/www.projekt-kirche.de\/index.php?rest_route=%2Fwp%2Fv2%2Ftags&post=4980"}],"curies":[{"name":"wp","href":"https:\/\/api.w.org\/{rel}","templated":true}]}}