{"id":4996,"date":"2017-06-30T07:55:04","date_gmt":"2017-06-30T05:55:04","guid":{"rendered":"http:\/\/www.projekt-kirche.de\/?p=4996"},"modified":"2020-05-08T18:01:33","modified_gmt":"2020-05-08T16:01:33","slug":"ueber-die-demut","status":"publish","type":"post","link":"https:\/\/www.projekt-kirche.de\/?p=4996","title":{"rendered":"\u00dcber die Demut"},"content":{"rendered":"<div class=\"shariff\" data-title=\"\u00dcber die Demut\" data-info-url=\"http:\/\/ct.de\/-2467514\" data-backend-url=\"https:\/\/www.projekt-kirche.de\/wp-content\/plugins\/shariff-sharing\/backend\/index.php\" data-temp=\"\/tmp\" data-ttl=\"60\" data-service=\"gftr\" data-services='[\"googleplus\",\"facebook\",\"twitter\",\"reddit\",\"info\"]' data-image=\"\" data-url=\"https:\/\/www.projekt-kirche.de\/?p=4996\" data-lang=\"de\" data-theme=\"colored\" data-orientation=\"horizontal\"><\/div><p>In &#8220;Nachfolge Christi&#8221;, einer geistlichen Schrift aus dem 15. Jh., werden wir als Christen herausgefordert Demut zu lernen (vgl. <a href=\"https:\/\/www.bibleserver.com\/NLB\/Matth%C3%A4us7%2C1-5\" class=\"bibleserver extern\" target=\"_blank\" rel=\"noopener noreferrer\">Mt 7,1-5<\/a>). Das ist vor allem f\u00fcr diejenigen sehr heilsam, die meinen sie w\u00e4ren bereits perfekt \ud83d\ude09<!--more--><\/p>\n<blockquote><p>Wenn ein Mensch sich \u00fcber seine Fehler dem\u00fctigt, bes\u00e4nftigt er die anderen leicht und vers\u00f6hnt, die ihm z\u00fcrnen. Den Dem\u00fctigen sch\u00fctzt und rettet Gott, er liebt und tr\u00f6stet ihn. Zum Dem\u00fctigen l\u00e4sst er sich herab, ihm schenkt er reiche Gnade und hebt ihn aus seiner Niedergeschlagenheit empor zum Ruhm. Dem Dem\u00fctigen entschleiert er seine Geheimnisse, ihn l\u00e4dt er sanft zu sich und zieht ihn an sich. Der Dem\u00fctige lebt in Frieden trotz der erlittenen Schmach, denn er gr\u00fcndet in Gott, nicht in der Welt [&#8230;] Schaffe zuerst Frieden in dir, dann kannst du andere zum Frieden f\u00fchren. Ein Friedfertiger stiftet mehr Nutzen als ein Gelehrter. Ein Leidenschaftlicher kehrt selbst das Gute ins B\u00f6se, er glaubt das B\u00f6se leicht. Ein guter, friedfertiger Mensch wendet alles zum Guten. Wer im Frieden lebt, w\u00e4hnt von keinem Arges. Wer mit sich selbst im Streite steht, den treibt bald der, bald jener Wahn, er hat keine Ruhe und l\u00e4sst auch den Nachbarn nicht in Frieden. Er redet oft, was er nicht reden sollte, und vers\u00e4umt, was er besser h\u00e4tte tun sollen. Er stellt fest, was andere zu tun gehalten sind, und vergisst seine eigene Pflicht. Ereifere dich zun\u00e4chst \u00fcber dich selbst, und dann magst du dich um deinen N\u00e4chsten verwenden. (Buch II, Kapitel 2+3, \u00a0aus dem Lateinischen \u00fcbersetzt von Paul Mons, Leutesdorf 1981, zitiert aus\u00a0<a href=\"http:\/\/evangeliumtagfuertag.org\/main.php?language=DE&amp;module=commentary&amp;localdate=20170626\">Evangelium Tag f\u00fcr Tag<\/a>)<\/p><\/blockquote>\n","protected":false},"excerpt":{"rendered":"<p>In &#8220;Nachfolge Christi&#8221;, einer geistlichen Schrift aus dem 15. Jh., werden wir als Christen herausgefordert Demut zu lernen (vgl. Mt 7,1-5). Das ist vor allem f\u00fcr diejenigen sehr heilsam, die meinen sie w\u00e4ren bereits perfekt \ud83d\ude09<\/p>\n","protected":false},"author":1,"featured_media":0,"comment_status":"open","ping_status":"open","sticky":false,"template":"","format":"standard","meta":{"jetpack_post_was_ever_published":false,"_jetpack_newsletter_access":"","_jetpack_dont_email_post_to_subs":false,"_jetpack_newsletter_tier_id":0,"_jetpack_memberships_contains_paywalled_content":false,"_jetpack_memberships_contains_paid_content":false,"footnotes":""},"categories":[2],"tags":[],"class_list":["post-4996","post","type-post","status-publish","format-standard","hentry","category-allgemein"],"jetpack_featured_media_url":"","jetpack_shortlink":"https:\/\/wp.me\/p4Sdv6-1iA","jetpack_sharing_enabled":true,"_links":{"self":[{"href":"https:\/\/www.projekt-kirche.de\/index.php?rest_route=\/wp\/v2\/posts\/4996","targetHints":{"allow":["GET"]}}],"collection":[{"href":"https:\/\/www.projekt-kirche.de\/index.php?rest_route=\/wp\/v2\/posts"}],"about":[{"href":"https:\/\/www.projekt-kirche.de\/index.php?rest_route=\/wp\/v2\/types\/post"}],"author":[{"embeddable":true,"href":"https:\/\/www.projekt-kirche.de\/index.php?rest_route=\/wp\/v2\/users\/1"}],"replies":[{"embeddable":true,"href":"https:\/\/www.projekt-kirche.de\/index.php?rest_route=%2Fwp%2Fv2%2Fcomments&post=4996"}],"version-history":[{"count":4,"href":"https:\/\/www.projekt-kirche.de\/index.php?rest_route=\/wp\/v2\/posts\/4996\/revisions"}],"predecessor-version":[{"id":8475,"href":"https:\/\/www.projekt-kirche.de\/index.php?rest_route=\/wp\/v2\/posts\/4996\/revisions\/8475"}],"wp:attachment":[{"href":"https:\/\/www.projekt-kirche.de\/index.php?rest_route=%2Fwp%2Fv2%2Fmedia&parent=4996"}],"wp:term":[{"taxonomy":"category","embeddable":true,"href":"https:\/\/www.projekt-kirche.de\/index.php?rest_route=%2Fwp%2Fv2%2Fcategories&post=4996"},{"taxonomy":"post_tag","embeddable":true,"href":"https:\/\/www.projekt-kirche.de\/index.php?rest_route=%2Fwp%2Fv2%2Ftags&post=4996"}],"curies":[{"name":"wp","href":"https:\/\/api.w.org\/{rel}","templated":true}]}}