{"id":5000,"date":"2017-06-30T09:19:39","date_gmt":"2017-06-30T07:19:39","guid":{"rendered":"http:\/\/www.projekt-kirche.de\/?p=5000"},"modified":"2020-05-09T23:34:13","modified_gmt":"2020-05-09T21:34:13","slug":"ueber-die-barmherzigkeit","status":"publish","type":"post","link":"https:\/\/www.projekt-kirche.de\/?p=5000","title":{"rendered":"\u00dcber die Barmherzigkeit"},"content":{"rendered":"<div class=\"shariff\" data-title=\"\u00dcber die Barmherzigkeit\" data-info-url=\"http:\/\/ct.de\/-2467514\" data-backend-url=\"https:\/\/www.projekt-kirche.de\/wp-content\/plugins\/shariff-sharing\/backend\/index.php\" data-temp=\"\/tmp\" data-ttl=\"60\" data-service=\"gftr\" data-services='[\"googleplus\",\"facebook\",\"twitter\",\"reddit\",\"info\"]' data-image=\"\" data-url=\"https:\/\/www.projekt-kirche.de\/?p=5000\" data-lang=\"de\" data-theme=\"colored\" data-orientation=\"horizontal\"><\/div><p>Gott ist barmherzig. Deshalb m\u00fcssen wir nicht verzagen, wenn wir Schwierigkeiten haben, unsere Fehler und Laster zu \u00fcberwinden.<\/p>\n<p>Bernhard von Clairvaux (1091-1153), Zisterzienserm\u00f6nch und Kirchenlehrer, sagt dazu in seiner 3. Predigt zum Fest der Apostel Petrus und Paulus:<!--more--><\/p>\n<blockquote><p>\u201eIch bin der geringste von den Aposteln; ich bin nicht wert, Apostel genannt zu werden\u201c (<a href=\"https:\/\/www.bibleserver.com\/NLB\/1.Korinther15%2C9\" class=\"bibleserver extern\" target=\"_blank\" rel=\"noopener noreferrer\">1 Kor 15,9<\/a>)<br \/>\nMeine Br\u00fcder, zu Recht bezieht die Kirche das Wort der Weisheit: \u201eJene aber sind die barmherzigen M\u00e4nner, deren Hoffnung nicht vergeht. Bei ihren Nachkommen bleibt ihr Gut, ihr Erbe bei ihren Enkeln\u201c (vgl. <a href=\"https:\/\/www.bibleserver.com\/EU\/Jesus%20Sirach44%2C10\" class=\"bibleserver extern\" target=\"_blank\" rel=\"noopener noreferrer\">Sir 44,10<\/a>\u221211 (vgl. auch Vulg.)) auf die heiligen Apostel Petrus und Paulus. Ja, man kann die beiden sehr wohl M\u00e4nner der Barmherzigkeit nennen, weil sie f\u00fcr sich Barmherzigkeit erlangt haben, weil sie voller Barmherzigkeit sind und weil Gott sie uns in seiner Barmherzigkeit geschenkt hat. Seht doch, welche Barmherzigkeit sie erfahren haben. Wenn ihr den heiligen Paulus dar\u00fcber befragt, wird er von sich selber sagen: \u201eFr\u00fcher l\u00e4sterte, verfolgte und verh\u00f6hnte ich ihn, aber ich habe Erbarmen gefunden\u201c (vgl. <a href=\"https:\/\/www.bibleserver.com\/NLB\/1.Timotheus1%2C13\" class=\"bibleserver extern\" target=\"_blank\" rel=\"noopener noreferrer\">1 Tim 1,13<\/a>). Zun\u00e4chst: wer w\u00fcsste nicht um all das Leid, das er den Christen in Jerusalem [&#8230;] und sogar in ganz Jud\u00e4a angetan hat? [&#8230;] Zum seligen Petrus muss ich euch auch etwas sagen, etwas Einzigartiges und \u00fcberaus Erhabenes. Wenn Paulus ges\u00fcndigt hat, war er sich ja dessen nicht bewusst, denn er hatte keinen Glauben; Petrus jedoch kam offenen Auges zu Fall (<a href=\"https:\/\/www.bibleserver.com\/NLB\/Matth%C3%A4us26%2C1.69-70\" class=\"bibleserver extern\" target=\"_blank\" rel=\"noopener noreferrer\">Mt 26,69f.)<\/a>. Wo aber \u201edie S\u00fcnde m\u00e4chtig wurde, da ist die Gnade \u00fcbergro\u00df geworden\u201c (<a href=\"https:\/\/www.bibleserver.com\/NLB\/R%C3%B6mer5%2C20\" class=\"bibleserver extern\" target=\"_blank\" rel=\"noopener noreferrer\">R\u00f6m 5,20<\/a>) [&#8230;] Wenn der hl. Petrus sich nach einem so schweren Fall zu einem solchen Grad der Heiligkeit erheben konnte \u2013 wer k\u00f6nnte da noch verzweifeln, wenn er auch nur ein klein wenig Willen hat, seine S\u00fcnden hinter sich zu lassen? Beachtet, was das Evangelium sagt: \u201eUnd er ging hinaus und weinte bitterlich\u201c (<a href=\"https:\/\/www.bibleserver.com\/NLB\/Matth%C3%A4us26%2C75\" class=\"bibleserver extern\" target=\"_blank\" rel=\"noopener noreferrer\">Mt 26,75<\/a>) [&#8230;] Ihr habt geh\u00f6rt, welch gro\u00dfe Barmherzigkeit den Aposteln widerfahren ist, und keiner unter euch braucht sich von nun an mehr als n\u00f6tig von den S\u00fcnden aus seiner Vergangenheit niederdr\u00fccken lassen. Wenn du ges\u00fcndigt hast \u2013 hat Paulus nicht mehr ges\u00fcndigt? Wenn du gefallen bist \u2013 ist Petrus nicht tiefer gefallen als du? Der eine wie der andere hat Bu\u00dfe getan, und beide haben so sich nicht nur das Heil erwirkt, sondern sind gro\u00dfe Heilige geworden, ja sogar Diener des Heils, Meister der Heiligkeit. Mach es ihnen nach, lieber Bruder; denn um deinetwillen nennt die Schrift sie \u201ebarmherzige Menschen\u201c. (zitiert aus\u00a0<a href=\"http:\/\/evangeliumtagfuertag.org\/main.php?language=DE&amp;module=commentary&amp;localdate=20170626\">Evangelium Tag f\u00fcr Tag<\/a>)<\/p><\/blockquote>\n","protected":false},"excerpt":{"rendered":"<p>Gott ist barmherzig. Deshalb m\u00fcssen wir nicht verzagen, wenn wir Schwierigkeiten haben, unsere Fehler und Laster zu \u00fcberwinden. Bernhard von Clairvaux (1091-1153), Zisterzienserm\u00f6nch und Kirchenlehrer, sagt dazu in seiner 3. Predigt zum Fest der Apostel Petrus und Paulus:<\/p>\n","protected":false},"author":1,"featured_media":0,"comment_status":"open","ping_status":"open","sticky":false,"template":"","format":"standard","meta":{"jetpack_post_was_ever_published":false,"_jetpack_newsletter_access":"","_jetpack_dont_email_post_to_subs":false,"_jetpack_newsletter_tier_id":0,"_jetpack_memberships_contains_paywalled_content":false,"_jetpack_memberships_contains_paid_content":false,"footnotes":""},"categories":[2],"tags":[],"class_list":["post-5000","post","type-post","status-publish","format-standard","hentry","category-allgemein"],"jetpack_featured_media_url":"","jetpack_shortlink":"https:\/\/wp.me\/p4Sdv6-1iE","jetpack_sharing_enabled":true,"_links":{"self":[{"href":"https:\/\/www.projekt-kirche.de\/index.php?rest_route=\/wp\/v2\/posts\/5000","targetHints":{"allow":["GET"]}}],"collection":[{"href":"https:\/\/www.projekt-kirche.de\/index.php?rest_route=\/wp\/v2\/posts"}],"about":[{"href":"https:\/\/www.projekt-kirche.de\/index.php?rest_route=\/wp\/v2\/types\/post"}],"author":[{"embeddable":true,"href":"https:\/\/www.projekt-kirche.de\/index.php?rest_route=\/wp\/v2\/users\/1"}],"replies":[{"embeddable":true,"href":"https:\/\/www.projekt-kirche.de\/index.php?rest_route=%2Fwp%2Fv2%2Fcomments&post=5000"}],"version-history":[{"count":4,"href":"https:\/\/www.projekt-kirche.de\/index.php?rest_route=\/wp\/v2\/posts\/5000\/revisions"}],"predecessor-version":[{"id":8581,"href":"https:\/\/www.projekt-kirche.de\/index.php?rest_route=\/wp\/v2\/posts\/5000\/revisions\/8581"}],"wp:attachment":[{"href":"https:\/\/www.projekt-kirche.de\/index.php?rest_route=%2Fwp%2Fv2%2Fmedia&parent=5000"}],"wp:term":[{"taxonomy":"category","embeddable":true,"href":"https:\/\/www.projekt-kirche.de\/index.php?rest_route=%2Fwp%2Fv2%2Fcategories&post=5000"},{"taxonomy":"post_tag","embeddable":true,"href":"https:\/\/www.projekt-kirche.de\/index.php?rest_route=%2Fwp%2Fv2%2Ftags&post=5000"}],"curies":[{"name":"wp","href":"https:\/\/api.w.org\/{rel}","templated":true}]}}