{"id":5015,"date":"2017-08-06T09:37:57","date_gmt":"2017-08-06T07:37:57","guid":{"rendered":"http:\/\/www.projekt-kirche.de\/?p=5015"},"modified":"2020-05-09T01:55:00","modified_gmt":"2020-05-08T23:55:00","slug":"himmel-oder-muehen-des-lebens","status":"publish","type":"post","link":"https:\/\/www.projekt-kirche.de\/?p=5015","title":{"rendered":"Himmel oder M\u00fchen des Lebens"},"content":{"rendered":"<div class=\"shariff\" data-title=\"Himmel oder M\u00fchen des Lebens\" data-info-url=\"http:\/\/ct.de\/-2467514\" data-backend-url=\"https:\/\/www.projekt-kirche.de\/wp-content\/plugins\/shariff-sharing\/backend\/index.php\" data-temp=\"\/tmp\" data-ttl=\"60\" data-service=\"gftr\" data-services='[\"googleplus\",\"facebook\",\"twitter\",\"reddit\",\"info\"]' data-image=\"\" data-url=\"https:\/\/www.projekt-kirche.de\/?p=5015\" data-lang=\"de\" data-theme=\"colored\" data-orientation=\"horizontal\"><\/div><p>Oh, da kann ich mit Petrus sehr gut mitf\u00fchlen! Wie sch\u00f6n w\u00e4re es schon im Himmel mit Jesus zu weilen statt sich hier auf Erden abm\u00fchen zu m\u00fcssen:<!--more--><\/p>\n<blockquote><p>\u201eHerr, es ist gut f\u00fcr uns, dass wir hier sind!\u201c Erm\u00fcdet vom Leben inmitten der Menge, hatte Petrus die Einsamkeit auf dem Berg entdeckt, in der seine Seele sich an Christus laben konnte. Warum diesen Ort verlassen, um den Erm\u00fcdungen und M\u00fchen entgegenzugehen, wo er doch in einer hei\u00dfen Liebe zu Gott entbrannt war und durch diesen Zustand sein Leben heiligte? Er wollte dieses Gl\u00fcck f\u00fcr sich selbst, so dass er hinzuf\u00fcgte: \u201eWenn Du willst, werde ich hier drei Zelte bauen, eines f\u00fcr dich, eines f\u00fcr Mose und eines f\u00fcr Elija\u201c (vgl. <a href=\"https:\/\/www.bibleserver.com\/NLB\/Matth%C3%A4us17%2C4\" class=\"bibleserver extern\" target=\"_blank\" rel=\"noopener noreferrer\">Mt 17,4<\/a>) [&#8230;] Petrus w\u00fcnschte sich drei Zelte: die Antwort vom Himmel hat gezeigt, dass wir aber nur eines haben: das Wort Gottes ist Christus, das Wort Gottes ist im Gesetz, das Wort Gottes ist in den Propheten [&#8230;] Im Augenblick, als die Wolke sie alle einh\u00fcllte und gleichsam ein einziges Zelt \u00fcber ihnen formte, kam eine Stimme heraus [&#8230;] Der, den die Stimme enth\u00fcllte, ist der, dessen sich das Gesetz und die Propheten r\u00fchmten: \u201eDas ist mein geliebter Sohn, an dem ich Gefallen gefunden habe; auf ihn sollt ihr h\u00f6ren\u201c. Denn ihr habt ihn geh\u00f6rt in den Propheten, ihr habt ihn geh\u00f6rt im Gesetz, und wo habt ihr ihn nicht geh\u00f6rt? Bei diesen Worten fielen die J\u00fcnger zu Boden [&#8230;] Indem sie zu Boden fielen, symbolisieren die Apostel unseren Tod [&#8230;], doch indem er sie aufhebt, symbolisiert der Herr die Auferstehung. Doch zu was dient das Gesetz nach der Auferstehung? Zu was dient die Prophezeiung? Von da ab verschwindet Elija, und auch Mose verschwindet. Das, was bleibt, besteht darin: \u201eIm Anfang war das Wort, und das Wort war bei Gott, und das Wort war Gott\u201c (<a href=\"https:\/\/www.bibleserver.com\/NLB\/Johannes1%2C1\" class=\"bibleserver extern\" target=\"_blank\" rel=\"noopener noreferrer\">Joh 1,1<\/a>). Das Wort bleibt dir, damit Gott alles in allem sei (vgl. <a href=\"https:\/\/www.bibleserver.com\/NLB\/1.Korinther15%2C28\" class=\"bibleserver extern\" target=\"_blank\" rel=\"noopener noreferrer\">1 Kor 15,28<\/a>) [&#8230;] Steige hinunter, Petrus. Du hast dir gew\u00fcnscht, dich auf dem Berg auszuruhen [&#8230;]; der Herr selbst aber sagt dir hier: \u201eSteige hinunter, um dich abzum\u00fchen und in dieser Welt zu dienen, um verachtet und gekreuzigt zu werden in dieser Welt.\u201c Das Leben ist hinabgestiegen, um get\u00f6tet zu werden, das Brot ist hinabgestiegen, um Hunger zu leiden, der Weg ist hinabgestiegen, um auf dem Weg zu erm\u00fcden, die Quelle ist hinabgestiegen, um Durst zu haben, und du, du weist es zur\u00fcck, zu leiden? Suche nicht deinen Vorteil. Praktiziere die Liebe, verk\u00fcnde die Wahrheit. Du wirst dadurch zur Unsterblichkeit gelangen, und mit ihr wirst du den Frieden finden. (Hl. Augustinus (354-430), Bischof von Hippo (Nordafrika) und Kirchenlehrer in 78. Predigt, 2\u22126; PL 38, 490\u2212493, zitiert aus\u00a0<a href=\"http:\/\/evangeliumtagfuertag.org\/main.php?language=DE&amp;module=commentary&amp;localdate=20170806\">Evangelium Tag f\u00fcr Tag<\/a>)<\/p><\/blockquote>\n","protected":false},"excerpt":{"rendered":"<p>Oh, da kann ich mit Petrus sehr gut mitf\u00fchlen! Wie sch\u00f6n w\u00e4re es schon im Himmel mit Jesus zu weilen statt sich hier auf Erden abm\u00fchen zu m\u00fcssen:<\/p>\n","protected":false},"author":1,"featured_media":0,"comment_status":"open","ping_status":"open","sticky":false,"template":"","format":"standard","meta":{"jetpack_post_was_ever_published":false,"_jetpack_newsletter_access":"","_jetpack_dont_email_post_to_subs":false,"_jetpack_newsletter_tier_id":0,"_jetpack_memberships_contains_paywalled_content":false,"_jetpack_memberships_contains_paid_content":false,"footnotes":""},"categories":[2],"tags":[],"class_list":["post-5015","post","type-post","status-publish","format-standard","hentry","category-allgemein"],"jetpack_featured_media_url":"","jetpack_shortlink":"https:\/\/wp.me\/p4Sdv6-1iT","jetpack_sharing_enabled":true,"_links":{"self":[{"href":"https:\/\/www.projekt-kirche.de\/index.php?rest_route=\/wp\/v2\/posts\/5015","targetHints":{"allow":["GET"]}}],"collection":[{"href":"https:\/\/www.projekt-kirche.de\/index.php?rest_route=\/wp\/v2\/posts"}],"about":[{"href":"https:\/\/www.projekt-kirche.de\/index.php?rest_route=\/wp\/v2\/types\/post"}],"author":[{"embeddable":true,"href":"https:\/\/www.projekt-kirche.de\/index.php?rest_route=\/wp\/v2\/users\/1"}],"replies":[{"embeddable":true,"href":"https:\/\/www.projekt-kirche.de\/index.php?rest_route=%2Fwp%2Fv2%2Fcomments&post=5015"}],"version-history":[{"count":5,"href":"https:\/\/www.projekt-kirche.de\/index.php?rest_route=\/wp\/v2\/posts\/5015\/revisions"}],"predecessor-version":[{"id":8549,"href":"https:\/\/www.projekt-kirche.de\/index.php?rest_route=\/wp\/v2\/posts\/5015\/revisions\/8549"}],"wp:attachment":[{"href":"https:\/\/www.projekt-kirche.de\/index.php?rest_route=%2Fwp%2Fv2%2Fmedia&parent=5015"}],"wp:term":[{"taxonomy":"category","embeddable":true,"href":"https:\/\/www.projekt-kirche.de\/index.php?rest_route=%2Fwp%2Fv2%2Fcategories&post=5015"},{"taxonomy":"post_tag","embeddable":true,"href":"https:\/\/www.projekt-kirche.de\/index.php?rest_route=%2Fwp%2Fv2%2Ftags&post=5015"}],"curies":[{"name":"wp","href":"https:\/\/api.w.org\/{rel}","templated":true}]}}