{"id":5120,"date":"2017-11-10T19:24:05","date_gmt":"2017-11-10T18:24:05","guid":{"rendered":"http:\/\/www.projekt-kirche.de\/?p=5120"},"modified":"2020-05-08T17:05:37","modified_gmt":"2020-05-08T15:05:37","slug":"ueber-die-wahren-schaetze","status":"publish","type":"post","link":"https:\/\/www.projekt-kirche.de\/?p=5120","title":{"rendered":"\u00dcber die wahren Sch\u00e4tze"},"content":{"rendered":"<div class=\"shariff\" data-title=\"\u00dcber die wahren Sch\u00e4tze\" data-info-url=\"http:\/\/ct.de\/-2467514\" data-backend-url=\"https:\/\/www.projekt-kirche.de\/wp-content\/plugins\/shariff-sharing\/backend\/index.php\" data-temp=\"\/tmp\" data-ttl=\"60\" data-service=\"gftr\" data-services='[\"googleplus\",\"facebook\",\"twitter\",\"reddit\",\"info\"]' data-image=\"\" data-url=\"https:\/\/www.projekt-kirche.de\/?p=5120\" data-lang=\"de\" data-theme=\"colored\" data-orientation=\"horizontal\"><\/div><p>Es ist gut zu wissen, was das Ziel im Leben ist. Denn ansonsten treffen wir m\u00f6glicherweise nachteilige Entscheidungen und setzen falsche Priorit\u00e4ten.<\/p>\n<p><!--more--><\/p>\n<p>Hl. Jean-Baptiste Marie Vianney (1786-1859), Priester, Pfarrer von Ars, schreibt \u00fcber die wahren Sch\u00e4tze folgendes:<\/p>\n<blockquote><p>Die Welt vergeht, wir vergehen mit ihr. K\u00f6nige, Kaiser, alles vergeht. Wir werden von der Ewigkeit verschlungen und kommen nicht wieder. Es geht nur um das Eine: die Rettung der armen Seele. Die Heiligen waren nicht an die G\u00fcter der Welt gebunden, den G\u00fctern des Himmels galt ihr Denken. Die Menschen der Welt dagegen denken nur an den Augenblick. Wir m\u00fcssen es machen wie die K\u00f6nige. Wenn sie den Thron zu verlieren drohen, bringen sie ihre Sch\u00e4tze in Sicherheit \u2013 die warten dann schon auf sie! Ebenso handelt ein guter Christ: er schickt alle seine guten Werke voraus ans Tor des Himmels [\u2026] Die Erde ist nur eine Br\u00fccke \u00fcber das Wasser, sie dient nur dazu, unseren F\u00fc\u00dfen einen Halt zu geben. Wir sind auf der Welt, aber nicht von der Welt, denn wir sagen doch stets: \u201eUnser Vater im Himmel [\u2026]\u201c Unsere Belohnung d\u00fcrfen wir also erst erwarten, wenn wir zu Hause sind: im Haus des Vaters. (Ausgew\u00e4hlte Gedanken des hl. Pfarrers von Ars, zitiert aus <a href=\"http:\/\/evangeliumtagfuertag.org\/main.php?language=DE&amp;module=commentary&amp;localdate=20171110\">Evangelium Tag f\u00fcr Tag<\/a>)<\/p><\/blockquote>\n","protected":false},"excerpt":{"rendered":"<p>Es ist gut zu wissen, was das Ziel im Leben ist. Denn ansonsten treffen wir m\u00f6glicherweise nachteilige Entscheidungen und setzen falsche Priorit\u00e4ten.<\/p>\n","protected":false},"author":1,"featured_media":0,"comment_status":"open","ping_status":"open","sticky":false,"template":"","format":"standard","meta":{"jetpack_post_was_ever_published":false,"_jetpack_newsletter_access":"","_jetpack_dont_email_post_to_subs":false,"_jetpack_newsletter_tier_id":0,"_jetpack_memberships_contains_paywalled_content":false,"_jetpack_memberships_contains_paid_content":false,"footnotes":""},"categories":[2],"tags":[],"class_list":["post-5120","post","type-post","status-publish","format-standard","hentry","category-allgemein"],"jetpack_featured_media_url":"","jetpack_shortlink":"https:\/\/wp.me\/p4Sdv6-1kA","jetpack_sharing_enabled":true,"_links":{"self":[{"href":"https:\/\/www.projekt-kirche.de\/index.php?rest_route=\/wp\/v2\/posts\/5120","targetHints":{"allow":["GET"]}}],"collection":[{"href":"https:\/\/www.projekt-kirche.de\/index.php?rest_route=\/wp\/v2\/posts"}],"about":[{"href":"https:\/\/www.projekt-kirche.de\/index.php?rest_route=\/wp\/v2\/types\/post"}],"author":[{"embeddable":true,"href":"https:\/\/www.projekt-kirche.de\/index.php?rest_route=\/wp\/v2\/users\/1"}],"replies":[{"embeddable":true,"href":"https:\/\/www.projekt-kirche.de\/index.php?rest_route=%2Fwp%2Fv2%2Fcomments&post=5120"}],"version-history":[{"count":1,"href":"https:\/\/www.projekt-kirche.de\/index.php?rest_route=\/wp\/v2\/posts\/5120\/revisions"}],"predecessor-version":[{"id":6162,"href":"https:\/\/www.projekt-kirche.de\/index.php?rest_route=\/wp\/v2\/posts\/5120\/revisions\/6162"}],"wp:attachment":[{"href":"https:\/\/www.projekt-kirche.de\/index.php?rest_route=%2Fwp%2Fv2%2Fmedia&parent=5120"}],"wp:term":[{"taxonomy":"category","embeddable":true,"href":"https:\/\/www.projekt-kirche.de\/index.php?rest_route=%2Fwp%2Fv2%2Fcategories&post=5120"},{"taxonomy":"post_tag","embeddable":true,"href":"https:\/\/www.projekt-kirche.de\/index.php?rest_route=%2Fwp%2Fv2%2Ftags&post=5120"}],"curies":[{"name":"wp","href":"https:\/\/api.w.org\/{rel}","templated":true}]}}