{"id":5131,"date":"2017-11-17T08:42:43","date_gmt":"2017-11-17T07:42:43","guid":{"rendered":"http:\/\/www.projekt-kirche.de\/?p=5131"},"modified":"2020-05-08T17:05:35","modified_gmt":"2020-05-08T15:05:35","slug":"ueber-die-liebe-zu-jesu","status":"publish","type":"post","link":"https:\/\/www.projekt-kirche.de\/?p=5131","title":{"rendered":"\u00dcber die Liebe zu Jesu"},"content":{"rendered":"<div class=\"shariff\" data-title=\"\u00dcber die Liebe zu Jesu\" data-info-url=\"http:\/\/ct.de\/-2467514\" data-backend-url=\"https:\/\/www.projekt-kirche.de\/wp-content\/plugins\/shariff-sharing\/backend\/index.php\" data-temp=\"\/tmp\" data-ttl=\"60\" data-service=\"gftr\" data-services='[\"googleplus\",\"facebook\",\"twitter\",\"reddit\",\"info\"]' data-image=\"\" data-url=\"https:\/\/www.projekt-kirche.de\/?p=5131\" data-lang=\"de\" data-theme=\"colored\" data-orientation=\"horizontal\"><\/div><p>Um was geht es im Christentum?<\/p>\n<p>Um die Liebe, die Gott f\u00fcr uns hat und die Liebe die wir zu Gott haben, vor allem zu Jesus unserem Retter.<\/p>\n<p><!--more--><\/p>\n<p>Die Ordensschwester Faustina Kowalska (1905-1938) schreibt \u00fcber diese Liebe zu Jesus in ihrem Tagebuch (Hauteville\/Schweiz 1991, \u00a7 1230):<\/p>\n<blockquote><p>O ewiger Tag, du Tag meiner Sehnsucht, Ich warte auf dich mit Weh und Verlangen. Bald schon rei\u00dft Liebe den Schleier zur\u00fcck Und Du bist dann mein Ewiges Gl\u00fcck. Du sch\u00f6nster Tag, unvergleichliche Weile, In der ich zum ersten Mal schau\u02bc meinen Gott, Den Seelenbr\u00e4utigam, den Herrn der Herren. Meine Seele umh\u00fcllt weder Angst noch Not. Du Tag der Feier, du Tag des Lichtes, An dem die Seele Gott sieht in der Macht, Und sie versenkt sich in Seiner Liebe. Ewig vorbei sind Verbannung und Nacht. Du Tag des Gl\u00fccks, du Tag, sei gesegnet, Wenn mein Herz zu Dir auf ewig ergl\u00fcht. Ich sp\u00fcre es jetzt, obschon noch verh\u00fcllt, Im Leben und Tod ist Jesus mein Gl\u00fcck. O Tag, nach dem ich mein Leben lang schaue, Und Dich, meinen Gott voll Sehnsucht erhoffe. Mein Verlangen gilt ausschlie\u00dflich Dir, o Herr, F\u00fcr Dich, nur f\u00fcr Dich, steht mein Herz ganz offen. O Tag der Wonne, des ewigen Gl\u00fccks. O Gott, Du Herrscher und Br\u00e4utigam mein. Das Herz einer Jungfrau kommt nicht zur Ruh\u02bc Als, Jesus, am s\u00fc\u00dfesten Herzen Dein. (zitiert aus <a href=\"http:\/\/evangeliumtagfuertag.org\/main.php?language=DE&amp;module=commentary&amp;localdate=20171117\">Evangelium Tag f\u00fcr Tag<\/a>)<\/p><\/blockquote>\n","protected":false},"excerpt":{"rendered":"<p>Um was geht es im Christentum? Um die Liebe, die Gott f\u00fcr uns hat und die Liebe die wir zu Gott haben, vor allem zu Jesus unserem Retter.<\/p>\n","protected":false},"author":1,"featured_media":0,"comment_status":"open","ping_status":"open","sticky":false,"template":"","format":"standard","meta":{"jetpack_post_was_ever_published":false,"_jetpack_newsletter_access":"","_jetpack_dont_email_post_to_subs":false,"_jetpack_newsletter_tier_id":0,"_jetpack_memberships_contains_paywalled_content":false,"_jetpack_memberships_contains_paid_content":false,"footnotes":""},"categories":[2],"tags":[],"class_list":["post-5131","post","type-post","status-publish","format-standard","hentry","category-allgemein"],"jetpack_featured_media_url":"","jetpack_shortlink":"https:\/\/wp.me\/p4Sdv6-1kL","jetpack_sharing_enabled":true,"_links":{"self":[{"href":"https:\/\/www.projekt-kirche.de\/index.php?rest_route=\/wp\/v2\/posts\/5131","targetHints":{"allow":["GET"]}}],"collection":[{"href":"https:\/\/www.projekt-kirche.de\/index.php?rest_route=\/wp\/v2\/posts"}],"about":[{"href":"https:\/\/www.projekt-kirche.de\/index.php?rest_route=\/wp\/v2\/types\/post"}],"author":[{"embeddable":true,"href":"https:\/\/www.projekt-kirche.de\/index.php?rest_route=\/wp\/v2\/users\/1"}],"replies":[{"embeddable":true,"href":"https:\/\/www.projekt-kirche.de\/index.php?rest_route=%2Fwp%2Fv2%2Fcomments&post=5131"}],"version-history":[{"count":1,"href":"https:\/\/www.projekt-kirche.de\/index.php?rest_route=\/wp\/v2\/posts\/5131\/revisions"}],"predecessor-version":[{"id":6159,"href":"https:\/\/www.projekt-kirche.de\/index.php?rest_route=\/wp\/v2\/posts\/5131\/revisions\/6159"}],"wp:attachment":[{"href":"https:\/\/www.projekt-kirche.de\/index.php?rest_route=%2Fwp%2Fv2%2Fmedia&parent=5131"}],"wp:term":[{"taxonomy":"category","embeddable":true,"href":"https:\/\/www.projekt-kirche.de\/index.php?rest_route=%2Fwp%2Fv2%2Fcategories&post=5131"},{"taxonomy":"post_tag","embeddable":true,"href":"https:\/\/www.projekt-kirche.de\/index.php?rest_route=%2Fwp%2Fv2%2Ftags&post=5131"}],"curies":[{"name":"wp","href":"https:\/\/api.w.org\/{rel}","templated":true}]}}