{"id":5148,"date":"2017-12-06T08:34:14","date_gmt":"2017-12-06T07:34:14","guid":{"rendered":"http:\/\/www.projekt-kirche.de\/?p=5148"},"modified":"2020-05-08T17:06:50","modified_gmt":"2020-05-08T15:06:50","slug":"gedanken-zum-advent","status":"publish","type":"post","link":"https:\/\/www.projekt-kirche.de\/?p=5148","title":{"rendered":"Gedanken zum Advent"},"content":{"rendered":"<div class=\"shariff\" data-title=\"Gedanken zum Advent\" data-info-url=\"http:\/\/ct.de\/-2467514\" data-backend-url=\"https:\/\/www.projekt-kirche.de\/wp-content\/plugins\/shariff-sharing\/backend\/index.php\" data-temp=\"\/tmp\" data-ttl=\"60\" data-service=\"gftr\" data-services='[\"googleplus\",\"facebook\",\"twitter\",\"reddit\",\"info\"]' data-image=\"\" data-url=\"https:\/\/www.projekt-kirche.de\/?p=5148\" data-lang=\"de\" data-theme=\"colored\" data-orientation=\"horizontal\"><\/div><p>Ein paar Gedanken zum Advent, damit wir nicht vergessen, um was es eigentlich geht:<\/p>\n<p><!--more--><\/p>\n<blockquote><p>Komm, o Herr, \u201ehilf mir, so ist mir geholfen\u201c (<a href=\"https:\/\/www.bibleserver.com\/NLB\/Jeremia17%2C14\" class=\"bibleserver extern\" target=\"_blank\" rel=\"noopener noreferrer\">Jer 17,14<\/a>). Komm: \u201eLass dein Angesicht leuchten und wir sind gerettet!\u201c (<a href=\"https:\/\/www.bibleserver.com\/NLB\/Psalm80\" class=\"bibleserver extern\" target=\"_blank\" rel=\"noopener noreferrer\">Ps 80<\/a>(79),4). Auf dich haben wir gehofft; \u201esei unsere Rettung zur Zeit der Not!\u201c (<a href=\"https:\/\/www.bibleserver.com\/NLB\/Jesaja33%2C2\" class=\"bibleserver extern\" target=\"_blank\" rel=\"noopener noreferrer\">Jes 33,2<\/a>). Deshalb gingen die Propheten und die Gerechten Christus in einem solchen Verlangen und einem solchen Liebes\u00fcberschwang entgegen, auf dass sie mit eigenen Augen \u2013 wenn das m\u00f6glich gewesen w\u00e4re \u2013 das sehen k\u00f6nnten, was sie bereits im Geist geschaut hatten. Darum sagt der Herr seinen J\u00fcngern: \u201eSelig sind die Augen, die sehen, was ihr seht. Denn ich sage euch: Viele Propheten und K\u00f6nige wollten sehen, was ihr seht, und haben es nicht gesehen\u201c. Auch \u201eeuer Vater Abraham jubelte, weil er meinen Tag sehen sollte. Er sah ihn\u201c \u2013 zwar im Totenreich \u2013 \u201eund freute sich\u201c (vgl. <a href=\"https:\/\/www.bibleserver.com\/NLB\/Johannes8%2C56\" class=\"bibleserver extern\" target=\"_blank\" rel=\"noopener noreferrer\">Joh 8,56<\/a>). Hier gibt es einiges, das uns err\u00f6ten lassen m\u00fcsste, wegen der Lauheit und der H\u00e4rte unserer Herzen, n\u00e4mlich wenn wir nicht in geistlicher Freude das Fest der Geburt Christi erwarten, das uns bald zu schauen verhei\u00dfen ist, so es Gott gef\u00e4llt. In der Tat scheint die Heilige Schrift zu verlangen, dass unsere Freude so gro\u00df werde, dass unser Geist sich \u00fcber uns selbst erhebt und darauf brennt, Christus zu begegnen, von solchem Verlangen bewegt, das keinen Aufschub duldet, und sich bem\u00fcht, das zu schauen, was noch kommen soll. (2. Predigt im Advent von Guerricus von Igny, um 1080-1157, Zisterzienserabt, zitiert aus <a href=\"http:\/\/evangeliumtagfuertag.org\/main.php?language=DE&amp;module=commentary&amp;localdate=20171205\">Evangelium Tag f\u00fcr Tag<\/a>)<\/p><\/blockquote>\n","protected":false},"excerpt":{"rendered":"<p>Ein paar Gedanken zum Advent, damit wir nicht vergessen, um was es eigentlich geht:<\/p>\n","protected":false},"author":1,"featured_media":0,"comment_status":"open","ping_status":"open","sticky":false,"template":"","format":"standard","meta":{"jetpack_post_was_ever_published":false,"_jetpack_newsletter_access":"","_jetpack_dont_email_post_to_subs":false,"_jetpack_newsletter_tier_id":0,"_jetpack_memberships_contains_paywalled_content":false,"_jetpack_memberships_contains_paid_content":false,"footnotes":""},"categories":[2],"tags":[],"class_list":["post-5148","post","type-post","status-publish","format-standard","hentry","category-allgemein"],"jetpack_featured_media_url":"","jetpack_shortlink":"https:\/\/wp.me\/p4Sdv6-1l2","jetpack_sharing_enabled":true,"_links":{"self":[{"href":"https:\/\/www.projekt-kirche.de\/index.php?rest_route=\/wp\/v2\/posts\/5148","targetHints":{"allow":["GET"]}}],"collection":[{"href":"https:\/\/www.projekt-kirche.de\/index.php?rest_route=\/wp\/v2\/posts"}],"about":[{"href":"https:\/\/www.projekt-kirche.de\/index.php?rest_route=\/wp\/v2\/types\/post"}],"author":[{"embeddable":true,"href":"https:\/\/www.projekt-kirche.de\/index.php?rest_route=\/wp\/v2\/users\/1"}],"replies":[{"embeddable":true,"href":"https:\/\/www.projekt-kirche.de\/index.php?rest_route=%2Fwp%2Fv2%2Fcomments&post=5148"}],"version-history":[{"count":4,"href":"https:\/\/www.projekt-kirche.de\/index.php?rest_route=\/wp\/v2\/posts\/5148\/revisions"}],"predecessor-version":[{"id":8453,"href":"https:\/\/www.projekt-kirche.de\/index.php?rest_route=\/wp\/v2\/posts\/5148\/revisions\/8453"}],"wp:attachment":[{"href":"https:\/\/www.projekt-kirche.de\/index.php?rest_route=%2Fwp%2Fv2%2Fmedia&parent=5148"}],"wp:term":[{"taxonomy":"category","embeddable":true,"href":"https:\/\/www.projekt-kirche.de\/index.php?rest_route=%2Fwp%2Fv2%2Fcategories&post=5148"},{"taxonomy":"post_tag","embeddable":true,"href":"https:\/\/www.projekt-kirche.de\/index.php?rest_route=%2Fwp%2Fv2%2Ftags&post=5148"}],"curies":[{"name":"wp","href":"https:\/\/api.w.org\/{rel}","templated":true}]}}