{"id":5151,"date":"2017-12-15T08:24:42","date_gmt":"2017-12-15T07:24:42","guid":{"rendered":"http:\/\/www.projekt-kirche.de\/?p=5151"},"modified":"2020-05-08T17:06:50","modified_gmt":"2020-05-08T15:06:50","slug":"warum-es-vernuenftig-ist-an-gott-zu-glauben","status":"publish","type":"post","link":"https:\/\/www.projekt-kirche.de\/?p=5151","title":{"rendered":"Warum es vern\u00fcnftig ist, an Gott zu glauben"},"content":{"rendered":"<div class=\"shariff\" data-title=\"Warum es vern\u00fcnftig ist, an Gott zu glauben\" data-info-url=\"http:\/\/ct.de\/-2467514\" data-backend-url=\"https:\/\/www.projekt-kirche.de\/wp-content\/plugins\/shariff-sharing\/backend\/index.php\" data-temp=\"\/tmp\" data-ttl=\"60\" data-service=\"gftr\" data-services='[\"googleplus\",\"facebook\",\"twitter\",\"reddit\",\"info\"]' data-image=\"\" data-url=\"https:\/\/www.projekt-kirche.de\/?p=5151\" data-lang=\"de\" data-theme=\"colored\" data-orientation=\"horizontal\"><\/div><p>Warum glaube ich an Gott? &#8211; Weil es vern\u00fcnftig ist \ud83d\ude09<\/p>\n<p>Das ist zumindest, was Gott in der Bibel uns zusagt und was ich pers\u00f6nlich auch glaube:<\/p>\n<p><!--more--><\/p>\n<blockquote><p>So spricht der Herr, dein Erl\u00f6ser, der Heilige Israels: Ich bin der Herr, dein Gott, der dich lehrt, was Nutzen bringt, und der dich auf den Weg f\u00fchrt, den du gehen sollst.<br \/>\nH\u00e4ttest du doch auf meine Gebote geachtet! Dein Gl\u00fcck w\u00e4re wie ein Strom und dein Heil wie die Wogen des Meeres.<br \/>\nDeine Nachkommen w\u00e4ren zahlreich wie der Sand und deine leiblichen Kinder wie seine K\u00f6rner. Ihr Name w\u00e4re in meinen Augen nicht getilgt und gel\u00f6scht. (<a href=\"https:\/\/www.bibleserver.com\/NLB\/Jesaja48%2C17-19\" class=\"bibleserver extern\" target=\"_blank\" rel=\"noopener noreferrer\">Jesaja 48,17-19<\/a>)<\/p><\/blockquote>\n","protected":false},"excerpt":{"rendered":"<p>Warum glaube ich an Gott? &#8211; Weil es vern\u00fcnftig ist \ud83d\ude09 Das ist zumindest, was Gott in der Bibel uns zusagt und was ich pers\u00f6nlich auch glaube:<\/p>\n","protected":false},"author":1,"featured_media":0,"comment_status":"open","ping_status":"open","sticky":false,"template":"","format":"standard","meta":{"jetpack_post_was_ever_published":false,"_jetpack_newsletter_access":"","_jetpack_dont_email_post_to_subs":false,"_jetpack_newsletter_tier_id":0,"_jetpack_memberships_contains_paywalled_content":false,"_jetpack_memberships_contains_paid_content":false,"footnotes":""},"categories":[2],"tags":[],"class_list":["post-5151","post","type-post","status-publish","format-standard","hentry","category-allgemein"],"jetpack_featured_media_url":"","jetpack_shortlink":"https:\/\/wp.me\/p4Sdv6-1l5","jetpack_sharing_enabled":true,"_links":{"self":[{"href":"https:\/\/www.projekt-kirche.de\/index.php?rest_route=\/wp\/v2\/posts\/5151","targetHints":{"allow":["GET"]}}],"collection":[{"href":"https:\/\/www.projekt-kirche.de\/index.php?rest_route=\/wp\/v2\/posts"}],"about":[{"href":"https:\/\/www.projekt-kirche.de\/index.php?rest_route=\/wp\/v2\/types\/post"}],"author":[{"embeddable":true,"href":"https:\/\/www.projekt-kirche.de\/index.php?rest_route=\/wp\/v2\/users\/1"}],"replies":[{"embeddable":true,"href":"https:\/\/www.projekt-kirche.de\/index.php?rest_route=%2Fwp%2Fv2%2Fcomments&post=5151"}],"version-history":[{"count":4,"href":"https:\/\/www.projekt-kirche.de\/index.php?rest_route=\/wp\/v2\/posts\/5151\/revisions"}],"predecessor-version":[{"id":8452,"href":"https:\/\/www.projekt-kirche.de\/index.php?rest_route=\/wp\/v2\/posts\/5151\/revisions\/8452"}],"wp:attachment":[{"href":"https:\/\/www.projekt-kirche.de\/index.php?rest_route=%2Fwp%2Fv2%2Fmedia&parent=5151"}],"wp:term":[{"taxonomy":"category","embeddable":true,"href":"https:\/\/www.projekt-kirche.de\/index.php?rest_route=%2Fwp%2Fv2%2Fcategories&post=5151"},{"taxonomy":"post_tag","embeddable":true,"href":"https:\/\/www.projekt-kirche.de\/index.php?rest_route=%2Fwp%2Fv2%2Ftags&post=5151"}],"curies":[{"name":"wp","href":"https:\/\/api.w.org\/{rel}","templated":true}]}}