{"id":5213,"date":"2018-02-03T12:33:43","date_gmt":"2018-02-03T11:33:43","guid":{"rendered":"https:\/\/www.projekt-kirche.de\/?p=5213"},"modified":"2020-05-08T15:10:01","modified_gmt":"2020-05-08T13:10:01","slug":"herr-lehre-mich","status":"publish","type":"post","link":"https:\/\/www.projekt-kirche.de\/?p=5213","title":{"rendered":"Herr, lehre mich!"},"content":{"rendered":"<div class=\"shariff\" data-title=\"Herr, lehre mich!\" data-info-url=\"http:\/\/ct.de\/-2467514\" data-backend-url=\"https:\/\/www.projekt-kirche.de\/wp-content\/plugins\/shariff-sharing\/backend\/index.php\" data-temp=\"\/tmp\" data-ttl=\"60\" data-service=\"gftr\" data-services='[\"googleplus\",\"facebook\",\"twitter\",\"reddit\",\"info\"]' data-image=\"\" data-url=\"https:\/\/www.projekt-kirche.de\/?p=5213\" data-lang=\"de\" data-theme=\"colored\" data-orientation=\"horizontal\"><\/div><p>Heute gibt es unglaublich starke Texte aus der Tageslesung und einen sch\u00f6nen Kommentar dazu vom Pfarrer von Ars.<\/p>\n<p><!--more--><\/p>\n<p>In <a href=\"https:\/\/www.bibleserver.com\/NLB\/1.K%C3%B6nige3%2C4-13\" class=\"bibleserver extern\" target=\"_blank\" rel=\"noopener noreferrer\">1.K\u00f6n 3,4-13<\/a> wird von K\u00f6nig Salomon erz\u00e4hlt, dem nichts wichtiger war als weise sein Volk zu regieren, in <a class=\"bibleserver extern\" href=\"https:\/\/www.bibleserver.com\/text\/EU\/Psalm119%2C9-176\" target=\"_blank\" rel=\"noopener noreferrer\">Ps 119,9ff<\/a> ruft der Psalmist (David) aus &#8220;Herr, lehre mich!&#8221;, und in <a href=\"https:\/\/www.bibleserver.com\/NLB\/Markus6%2C30-34\" class=\"bibleserver extern\" target=\"_blank\" rel=\"noopener noreferrer\">Mk 6,30-34<\/a> sieht Jesus die Not der Menschen nach g\u00f6ttlicher Unterweisung und lehrt sie lange(!).<\/p>\n<p>Dazu sagt Jean-Baptiste Marie Vianney (1786-1859), Priester, Pfarrer von Ars:<\/p>\n<blockquote><p>Meine Kinder, das Wort Gottes ist keine geringf\u00fcgige Kleinigkeit! Die ersten Worte unseres Herrn an seine Apostel lauteten: \u201eGeht und lehrt!\u201c, um uns deutlich zu machen, dass die Unterweisung vor allem anderen steht. Was hat uns mit dem Glauben bekannt gemacht? Das waren die Unterweisungen, die wir geh\u00f6rt haben. Was hat uns Widerwillen vor der S\u00fcnde verschafft, uns die Sch\u00f6nheit der Tugend entdecken lassen, uns die Sehnsucht nach dem Himmel eingegeben? Die Unterweisungen. Meine Kinder, warum ist man so blind und unwissend? Weil man einfach dem Wort Gottes keine Beachtung schenkt. Einer unterwiesenen Person fehlt es an nichts. Sie kann sich noch so auf allerlei schlechten Wegen verirren, so kann man dennoch hoffen, dass sie zum guten Herrgott fr\u00fcher oder sp\u00e4ter zur\u00fcckfinden wird, auch wenn es erst zur Stunde ihres Todes ist. Anders bei einer nicht im Glauben unterwiesenen Person, die wie ein Kranker im Todeskampf ist; sie kennt weder die Macht der S\u00fcnde, noch die Sch\u00f6nheit ihrer Seele, noch den Preis der Tugend; sie schleppt sich von S\u00fcnde zu S\u00fcnde. Eine unterwiesene Person hat immer zwei F\u00fchrer, die vor ihr hergehen: den guten Rat und den Gehorsam. (Ausgew\u00e4hlte Gedanken des heiligen Pfarrers von Ars, zitiert aus <a href=\"http:\/\/evangeliumtagfuertag.org\/main.php?language=DE&amp;module=commentary&amp;localdate=20180203\">Evangelium Tag f\u00fcr Tag<\/a>)<\/p><\/blockquote>\n","protected":false},"excerpt":{"rendered":"<p>Heute gibt es unglaublich starke Texte aus der Tageslesung und einen sch\u00f6nen Kommentar dazu vom Pfarrer von Ars.<\/p>\n","protected":false},"author":1,"featured_media":0,"comment_status":"open","ping_status":"open","sticky":false,"template":"","format":"standard","meta":{"jetpack_post_was_ever_published":false,"_jetpack_newsletter_access":"","_jetpack_dont_email_post_to_subs":false,"_jetpack_newsletter_tier_id":0,"_jetpack_memberships_contains_paywalled_content":false,"_jetpack_memberships_contains_paid_content":false,"footnotes":""},"categories":[2],"tags":[],"class_list":["post-5213","post","type-post","status-publish","format-standard","hentry","category-allgemein"],"jetpack_featured_media_url":"","jetpack_shortlink":"https:\/\/wp.me\/p4Sdv6-1m5","jetpack_sharing_enabled":true,"_links":{"self":[{"href":"https:\/\/www.projekt-kirche.de\/index.php?rest_route=\/wp\/v2\/posts\/5213","targetHints":{"allow":["GET"]}}],"collection":[{"href":"https:\/\/www.projekt-kirche.de\/index.php?rest_route=\/wp\/v2\/posts"}],"about":[{"href":"https:\/\/www.projekt-kirche.de\/index.php?rest_route=\/wp\/v2\/types\/post"}],"author":[{"embeddable":true,"href":"https:\/\/www.projekt-kirche.de\/index.php?rest_route=\/wp\/v2\/users\/1"}],"replies":[{"embeddable":true,"href":"https:\/\/www.projekt-kirche.de\/index.php?rest_route=%2Fwp%2Fv2%2Fcomments&post=5213"}],"version-history":[{"count":4,"href":"https:\/\/www.projekt-kirche.de\/index.php?rest_route=\/wp\/v2\/posts\/5213\/revisions"}],"predecessor-version":[{"id":8406,"href":"https:\/\/www.projekt-kirche.de\/index.php?rest_route=\/wp\/v2\/posts\/5213\/revisions\/8406"}],"wp:attachment":[{"href":"https:\/\/www.projekt-kirche.de\/index.php?rest_route=%2Fwp%2Fv2%2Fmedia&parent=5213"}],"wp:term":[{"taxonomy":"category","embeddable":true,"href":"https:\/\/www.projekt-kirche.de\/index.php?rest_route=%2Fwp%2Fv2%2Fcategories&post=5213"},{"taxonomy":"post_tag","embeddable":true,"href":"https:\/\/www.projekt-kirche.de\/index.php?rest_route=%2Fwp%2Fv2%2Ftags&post=5213"}],"curies":[{"name":"wp","href":"https:\/\/api.w.org\/{rel}","templated":true}]}}