{"id":5256,"date":"2018-02-14T07:47:38","date_gmt":"2018-02-14T06:47:38","guid":{"rendered":"http:\/\/www.projekt-kirche.de\/?p=5256"},"modified":"2020-05-08T15:09:59","modified_gmt":"2020-05-08T13:09:59","slug":"zur-fastenzeit","status":"publish","type":"post","link":"https:\/\/www.projekt-kirche.de\/?p=5256","title":{"rendered":"Zur Fastenzeit"},"content":{"rendered":"<div class=\"shariff\" data-title=\"Zur Fastenzeit\" data-info-url=\"http:\/\/ct.de\/-2467514\" data-backend-url=\"https:\/\/www.projekt-kirche.de\/wp-content\/plugins\/shariff-sharing\/backend\/index.php\" data-temp=\"\/tmp\" data-ttl=\"60\" data-service=\"gftr\" data-services='[\"googleplus\",\"facebook\",\"twitter\",\"reddit\",\"info\"]' data-image=\"\" data-url=\"https:\/\/www.projekt-kirche.de\/?p=5256\" data-lang=\"de\" data-theme=\"colored\" data-orientation=\"horizontal\"><\/div><p>Warum fasten wir Christen, warum sollten wir es tun?<\/p>\n<p>Nat\u00fcrlich nur aus Liebe!<\/p>\n<p>Aus Liebe zu unserem Sch\u00f6pfer und Retter Jesus Christus und um unserer selbst willen.<\/p>\n<p>Fasten ist nicht Verzicht um des Verzichtes Willen, sondern um Raum zu schaffen f\u00fcr Neues, f\u00fcr Gutes. Statt einem Nachtisch kann die extra Zeit f\u00fcr ein Gebet verwendet werden, statt Luxus-Artikel zu kaufen, kann das gesparte Geld den Bed\u00fcrftigen gespendet werden. Statt schlechter Gedanken kann ein Mitmensch gelobt und ermutigt werden.<\/p>\n<p>So heilt unser Herz und wir bereiten uns auf Ostern, dem Fest der Auferstehung vor.<\/p>\n<p>Dazu ein sehr sch\u00f6ner Kommentar von Papst und Kirchenlehrer Leo dem Gro\u00dfen (?-um 461):<\/p>\n<p><!--more--><\/p>\n<blockquote><p>Die \u00dcbungen der Fastenzeit: \u201eZerrei\u00dft eure Herzen, nicht eure Kleider, und kehrt um zum HERRN, eurem Gott!\u201c (<a href=\"https:\/\/www.bibleserver.com\/NLB\/Joel2%2C13\" class=\"bibleserver extern\" target=\"_blank\" rel=\"noopener noreferrer\">Joel 2,13<\/a>)<\/p>\n<p>Der Herr spricht: \u201e[&#8230;] ich bin nicht gekommen, um Gerechte zu rufen, sondern S\u00fcnder\u201c (<a href=\"https:\/\/www.bibleserver.com\/NLB\/Matth%C3%A4us9%2C13\" class=\"bibleserver extern\" target=\"_blank\" rel=\"noopener noreferrer\">Mt 9,13<\/a>). Es ist folglich keinem Christen erlaubt, wen auch immer zu hassen, denn niemand hat durch etwas anderes Rettung erfahren, als durch die Vergebung der S\u00fcnden [\u2026] Das Volk Gottes soll also heilig sein, es soll gut sein: heilig, damit es sich von dem abwendet, was verboten ist; gut, um das zu erf\u00fcllen, was geboten ist. Gro\u00df ist es ganz sicher, einen geradlinigen Glauben und eine heilige Lehre zu haben; lobenswert ist es, die Gefr\u00e4\u00dfigkeit zur\u00fcckzuweisen, eine untadelige Sanftmut und Keuschheit zu besitzen, doch alle diese Tugenden sind nichts ohne die Liebe [\u2026] Meine Lieben, zu jeder Zeit soll man das hohe Gut der Liebe in die Tat umsetzen, die Fastenzeit jedoch l\u00e4dt uns in besonderer Weise dazu ein. All jene, die das Pascha des Herrn mit heiligem Geist und Leib empfangen wollen, m\u00fcssen sich vor allem anstrengen, diese Geistesgabe zu erlangen, die das Wesen der Tugenden enth\u00e4lt und die \u201eviele S\u00fcnden zudeckt\u201c (vgl. <a href=\"https:\/\/www.bibleserver.com\/NLB\/1.Petrus4%2C8\" class=\"bibleserver extern\" target=\"_blank\" rel=\"noopener noreferrer\">1 Petr 4,8<\/a>). Deshalb bereiten wir also, wenn wir uns anschicken, das Geheimnis zu feiern, das alle anderen \u00fcberragt \u2013 n\u00e4mlich jenes, durch das das Blut Jesu Christi unsere S\u00fcnden ausgel\u00f6scht hat \u2013, zuallererst die Opfer der Barmherzigkeit. Was Gottes G\u00fcte uns geschenkt hat, sollen wir auch jenen schenken, die sich gegen uns vers\u00fcndigt haben. Alles Unrecht werde dem Vergessen anheimgegeben, das Fehlverhalten ziehe nicht die Strafe nach sich, und all jene, die an uns schuldig wurden, sollen nicht mehr die Vergeltung f\u00fcrchten m\u00fcssen [\u2026] Ein jeder soll wissen, dass er selber ein S\u00fcnder ist, und er soll sich freuen, jemanden gefunden zu haben, dem er verzeihen kann, um selbst Vergebung zu empfangen. Dadurch k\u00f6nnen wir sicher sein, dass uns die Barmherzigkeit Gottes zuteil wird, wenn wir sprechen, wie der Herr uns gelehrt hat: \u201eVergib uns unsere Schuld, wie auch wir vergeben unseren Schuldigern\u201c (vgl. <a href=\"https:\/\/www.bibleserver.com\/NLB\/Matth%C3%A4us6%2C12\" class=\"bibleserver extern\" target=\"_blank\" rel=\"noopener noreferrer\">Mt 6,12<\/a>). (10. Homilie zum Vierzigt\u00e4gigen Fasten, zitiert aus <a href=\"http:\/\/evangeliumtagfuertag.org\/main.php?language=DE&amp;module=commentary&amp;localdate=20180214\">Evangelium Tag f\u00fcr Tag<\/a>)<\/p><\/blockquote>\n","protected":false},"excerpt":{"rendered":"<p>Warum fasten wir Christen, warum sollten wir es tun? Nat\u00fcrlich nur aus Liebe! Aus Liebe zu unserem Sch\u00f6pfer und Retter Jesus Christus und um unserer selbst willen. Fasten ist nicht Verzicht um des Verzichtes Willen, sondern um Raum zu schaffen f\u00fcr Neues, f\u00fcr Gutes. Statt einem Nachtisch kann die extra Zeit f\u00fcr ein Gebet verwendet [&hellip;]<\/p>\n","protected":false},"author":1,"featured_media":0,"comment_status":"open","ping_status":"open","sticky":false,"template":"","format":"standard","meta":{"jetpack_post_was_ever_published":false,"_jetpack_newsletter_access":"","_jetpack_dont_email_post_to_subs":false,"_jetpack_newsletter_tier_id":0,"_jetpack_memberships_contains_paywalled_content":false,"_jetpack_memberships_contains_paid_content":false,"footnotes":""},"categories":[2],"tags":[],"class_list":["post-5256","post","type-post","status-publish","format-standard","hentry","category-allgemein"],"jetpack_featured_media_url":"","jetpack_shortlink":"https:\/\/wp.me\/p4Sdv6-1mM","jetpack_sharing_enabled":true,"_links":{"self":[{"href":"https:\/\/www.projekt-kirche.de\/index.php?rest_route=\/wp\/v2\/posts\/5256","targetHints":{"allow":["GET"]}}],"collection":[{"href":"https:\/\/www.projekt-kirche.de\/index.php?rest_route=\/wp\/v2\/posts"}],"about":[{"href":"https:\/\/www.projekt-kirche.de\/index.php?rest_route=\/wp\/v2\/types\/post"}],"author":[{"embeddable":true,"href":"https:\/\/www.projekt-kirche.de\/index.php?rest_route=\/wp\/v2\/users\/1"}],"replies":[{"embeddable":true,"href":"https:\/\/www.projekt-kirche.de\/index.php?rest_route=%2Fwp%2Fv2%2Fcomments&post=5256"}],"version-history":[{"count":4,"href":"https:\/\/www.projekt-kirche.de\/index.php?rest_route=\/wp\/v2\/posts\/5256\/revisions"}],"predecessor-version":[{"id":8404,"href":"https:\/\/www.projekt-kirche.de\/index.php?rest_route=\/wp\/v2\/posts\/5256\/revisions\/8404"}],"wp:attachment":[{"href":"https:\/\/www.projekt-kirche.de\/index.php?rest_route=%2Fwp%2Fv2%2Fmedia&parent=5256"}],"wp:term":[{"taxonomy":"category","embeddable":true,"href":"https:\/\/www.projekt-kirche.de\/index.php?rest_route=%2Fwp%2Fv2%2Fcategories&post=5256"},{"taxonomy":"post_tag","embeddable":true,"href":"https:\/\/www.projekt-kirche.de\/index.php?rest_route=%2Fwp%2Fv2%2Ftags&post=5256"}],"curies":[{"name":"wp","href":"https:\/\/api.w.org\/{rel}","templated":true}]}}