{"id":5259,"date":"2018-02-15T07:51:39","date_gmt":"2018-02-15T06:51:39","guid":{"rendered":"http:\/\/www.projekt-kirche.de\/?p=5259"},"modified":"2020-05-08T15:09:59","modified_gmt":"2020-05-08T13:09:59","slug":"ueber-gottes-liebe","status":"publish","type":"post","link":"https:\/\/www.projekt-kirche.de\/?p=5259","title":{"rendered":"\u00dcber Gottes Liebe"},"content":{"rendered":"<div class=\"shariff\" data-title=\"\u00dcber Gottes Liebe\" data-info-url=\"http:\/\/ct.de\/-2467514\" data-backend-url=\"https:\/\/www.projekt-kirche.de\/wp-content\/plugins\/shariff-sharing\/backend\/index.php\" data-temp=\"\/tmp\" data-ttl=\"60\" data-service=\"gftr\" data-services='[\"googleplus\",\"facebook\",\"twitter\",\"reddit\",\"info\"]' data-image=\"\" data-url=\"https:\/\/www.projekt-kirche.de\/?p=5259\" data-lang=\"de\" data-theme=\"colored\" data-orientation=\"horizontal\"><\/div><p>Der heutige Kommentar zu den Tageslesungen hat mich sehr ber\u00fchrt.<\/p>\n<p>Isaak der Syrer (7. Jh.), M\u00f6nch in Ninive bei Mossul im heutigen Irak, Heiliger der orthodoxen Kirchen, schreibt \u00fcber die \u00fcbergro\u00dfe Liebe, die Gott zu uns hat:<\/p>\n<p><!--more--><\/p>\n<blockquote><p>Gott, der Herr, hat seinen eigenen Sohn dem Tod am Kreuz ausgeliefert wegen seiner brennenden Liebe zur Sch\u00f6pfung [&#8230;] Nicht weil er uns nicht auch auf eine andere Weise h\u00e4tte loskaufen k\u00f6nnen, aber er wollte uns so seine grenzenlose Liebe offenbaren, uns in ihr unterweisen. Und durch den Tod seines eingeborenen Sohnes hat er uns in seine N\u00e4he geholt. Ja, wenn er etwas noch Kostbareres gehabt h\u00e4tte, h\u00e4tte er es uns gegeben, damit wir ihm vollkommen geh\u00f6ren. Aufgrund seiner \u00fcbergro\u00dfen Liebe zu uns, wollte er unter keinen Umst\u00e4nden unserer Freiheit Gewalt antun, auch wenn er dazu in der Lage gewesen w\u00e4re, denn er wollte, dass wir uns ihm wegen der Liebe n\u00e4herten, die wir dort erkennen konnten. Wegen seiner Liebe zu uns und aus Gehorsam seinem Vater gegen\u00fcber, hat Jesus Christus freudig die Schm\u00e4hungen und das Leiden auf sich genommen [&#8230;] Auf die gleiche Weise werden die Heiligen, wenn sie fortschreiten, vollkommen, wenn sie gro\u00dfz\u00fcgig ihre Liebe und ihr Mitleid an alle Menschen verschwenden und dadurch Gott \u00e4hnlich werden. (Abhandlung zur Askese, 1. Reihe, 71\/74, zitiert aus <a href=\"http:\/\/evangeliumtagfuertag.org\/main.php?language=DE&amp;module=commentary&amp;localdate=20180215\">Evangelium Tag f\u00fcr Tag<\/a>)<\/p><\/blockquote>\n","protected":false},"excerpt":{"rendered":"<p>Der heutige Kommentar zu den Tageslesungen hat mich sehr ber\u00fchrt. Isaak der Syrer (7. Jh.), M\u00f6nch in Ninive bei Mossul im heutigen Irak, Heiliger der orthodoxen Kirchen, schreibt \u00fcber die \u00fcbergro\u00dfe Liebe, die Gott zu uns hat:<\/p>\n","protected":false},"author":1,"featured_media":0,"comment_status":"open","ping_status":"open","sticky":false,"template":"","format":"standard","meta":{"jetpack_post_was_ever_published":false,"_jetpack_newsletter_access":"","_jetpack_dont_email_post_to_subs":false,"_jetpack_newsletter_tier_id":0,"_jetpack_memberships_contains_paywalled_content":false,"_jetpack_memberships_contains_paid_content":false,"footnotes":""},"categories":[2],"tags":[],"class_list":["post-5259","post","type-post","status-publish","format-standard","hentry","category-allgemein"],"jetpack_featured_media_url":"","jetpack_shortlink":"https:\/\/wp.me\/p4Sdv6-1mP","jetpack_sharing_enabled":true,"_links":{"self":[{"href":"https:\/\/www.projekt-kirche.de\/index.php?rest_route=\/wp\/v2\/posts\/5259","targetHints":{"allow":["GET"]}}],"collection":[{"href":"https:\/\/www.projekt-kirche.de\/index.php?rest_route=\/wp\/v2\/posts"}],"about":[{"href":"https:\/\/www.projekt-kirche.de\/index.php?rest_route=\/wp\/v2\/types\/post"}],"author":[{"embeddable":true,"href":"https:\/\/www.projekt-kirche.de\/index.php?rest_route=\/wp\/v2\/users\/1"}],"replies":[{"embeddable":true,"href":"https:\/\/www.projekt-kirche.de\/index.php?rest_route=%2Fwp%2Fv2%2Fcomments&post=5259"}],"version-history":[{"count":1,"href":"https:\/\/www.projekt-kirche.de\/index.php?rest_route=\/wp\/v2\/posts\/5259\/revisions"}],"predecessor-version":[{"id":6432,"href":"https:\/\/www.projekt-kirche.de\/index.php?rest_route=\/wp\/v2\/posts\/5259\/revisions\/6432"}],"wp:attachment":[{"href":"https:\/\/www.projekt-kirche.de\/index.php?rest_route=%2Fwp%2Fv2%2Fmedia&parent=5259"}],"wp:term":[{"taxonomy":"category","embeddable":true,"href":"https:\/\/www.projekt-kirche.de\/index.php?rest_route=%2Fwp%2Fv2%2Fcategories&post=5259"},{"taxonomy":"post_tag","embeddable":true,"href":"https:\/\/www.projekt-kirche.de\/index.php?rest_route=%2Fwp%2Fv2%2Ftags&post=5259"}],"curies":[{"name":"wp","href":"https:\/\/api.w.org\/{rel}","templated":true}]}}