{"id":5264,"date":"2018-02-17T12:44:37","date_gmt":"2018-02-17T11:44:37","guid":{"rendered":"https:\/\/www.projekt-kirche.de\/?p=5264"},"modified":"2020-05-08T15:09:58","modified_gmt":"2020-05-08T13:09:58","slug":"ueber-die-fastenzeit-und-die-nachfolge","status":"publish","type":"post","link":"https:\/\/www.projekt-kirche.de\/?p=5264","title":{"rendered":"\u00dcber die Fastenzeit und die Nachfolge"},"content":{"rendered":"<div class=\"shariff\" data-title=\"\u00dcber die Fastenzeit und die Nachfolge\" data-info-url=\"http:\/\/ct.de\/-2467514\" data-backend-url=\"https:\/\/www.projekt-kirche.de\/wp-content\/plugins\/shariff-sharing\/backend\/index.php\" data-temp=\"\/tmp\" data-ttl=\"60\" data-service=\"gftr\" data-services='[\"googleplus\",\"facebook\",\"twitter\",\"reddit\",\"info\"]' data-image=\"\" data-url=\"https:\/\/www.projekt-kirche.de\/?p=5264\" data-lang=\"de\" data-theme=\"colored\" data-orientation=\"horizontal\"><\/div><p>Heute gibt es einen weiteren klasse Kommentar zur Fastenzeit, der ihre tiefere (geistliche) Bedeutung sehr gut erkl\u00e4rt.<\/p>\n<p>Papst Johannes Paul II ist eben (auch) ein hervorragender Theologe gewesen:<\/p>\n<p><!--more--><\/p>\n<blockquote><p>Die Fastenzeit ruft die vierzig Jahre in Erinnerung, die Israel auf dem Weg ins verhei\u00dfene Land in der W\u00fcste verbrachte. In jener Zeit erfuhr dieses Volk, was es hie\u00df, ohne festen Wohnsitz und ohne irgendeine Sicherheit unter einem Zelt zu leben. Wie oft war es versucht, nach \u00c4gypten zur\u00fcckzukehren, wo wenigstens das t\u00e4gliche Brot, wenn auch nur als Nahrung der Sklaven, sichergestellt war. In dieser mi\u00dflichen Lage in der W\u00fcste war es Gott, der sein Volk mit Wasser und Nahrung versorgte und es vor Gefahren sch\u00fctzte. So wurde f\u00fcr die Juden die Erfahrung v\u00f6lliger Abh\u00e4ngigkeit von Gott zum Weg der Befreiung von der Knechtschaft und von der Verg\u00f6tterung der Dinge. Die Fastenzeit will den Gl\u00e4ubigen helfen, durch das Bem\u00fchen um pers\u00f6nliche L\u00e4uterung denselben geistlichen Weg zu gehen, indem sie sich der Armut und Hinf\u00e4lligkeit des Daseins bewu\u00dft werden und das f\u00fcrsorgliche Handeln Gottes wiederentdecken, der dazu einl\u00e4dt, die Augen f\u00fcr die Bed\u00fcrfnisse der Schwestern und Br\u00fcder in der Not zu \u00f6ffnen. Die Fastenzeit wird auf diese Weise auch zu einer Zeit der Solidarit\u00e4t angesichts der schwierigen Lage, in der Menschen und V\u00f6lker in so vielen Teilen der Welt leben. [&#8230;] Aus der Liebe zu Gott lernt der Christ, dem Notleidenden zu helfen [&#8230;] Denn es gibt eine h\u00f6here Dimension, auf die Christus uns durch sein Beispiel hingewiesen hat: \u201eDer Menschensohn aber hat keinen Ort, wo er sein Haupt hinlegen kann\u201c (<a href=\"https:\/\/www.bibleserver.com\/NLB\/Matth%C3%A4us8%2C20\" class=\"bibleserver extern\" target=\"_blank\" rel=\"noopener noreferrer\">Mt 8,20<\/a>). Auf diese Weise wollte er seine totale Verf\u00fcgbarkeit dem himmlischen Vater gegen\u00fcber zum Ausdruck bringen, dessen Willen er erf\u00fcllen wollte, ohne sich an den Besitz der irdischen G\u00fcter binden zu lassen [&#8230;] Christus geht uns auf diesem Weg voran. Seine Gegenwart gibt Kraft und Ermutigung: Er befreit und macht uns zu Zeugen der Liebe. (Botschaft zur Fastenzeit 1997 (trad. \u00a9 copyright Libreria Editrice Vaticana, zitiert aus <a href=\"http:\/\/evangeliumtagfuertag.org\/main.php?language=DE&amp;module=commentary&amp;localdate=20180217\">Evangelium Tag f\u00fcr Tag<\/a>)<\/p><\/blockquote>\n","protected":false},"excerpt":{"rendered":"<p>Heute gibt es einen weiteren klasse Kommentar zur Fastenzeit, der ihre tiefere (geistliche) Bedeutung sehr gut erkl\u00e4rt. Papst Johannes Paul II ist eben (auch) ein hervorragender Theologe gewesen:<\/p>\n","protected":false},"author":1,"featured_media":0,"comment_status":"open","ping_status":"open","sticky":false,"template":"","format":"standard","meta":{"jetpack_post_was_ever_published":false,"_jetpack_newsletter_access":"","_jetpack_dont_email_post_to_subs":false,"_jetpack_newsletter_tier_id":0,"_jetpack_memberships_contains_paywalled_content":false,"_jetpack_memberships_contains_paid_content":false,"footnotes":""},"categories":[2],"tags":[],"class_list":["post-5264","post","type-post","status-publish","format-standard","hentry","category-allgemein"],"jetpack_featured_media_url":"","jetpack_shortlink":"https:\/\/wp.me\/p4Sdv6-1mU","jetpack_sharing_enabled":true,"_links":{"self":[{"href":"https:\/\/www.projekt-kirche.de\/index.php?rest_route=\/wp\/v2\/posts\/5264","targetHints":{"allow":["GET"]}}],"collection":[{"href":"https:\/\/www.projekt-kirche.de\/index.php?rest_route=\/wp\/v2\/posts"}],"about":[{"href":"https:\/\/www.projekt-kirche.de\/index.php?rest_route=\/wp\/v2\/types\/post"}],"author":[{"embeddable":true,"href":"https:\/\/www.projekt-kirche.de\/index.php?rest_route=\/wp\/v2\/users\/1"}],"replies":[{"embeddable":true,"href":"https:\/\/www.projekt-kirche.de\/index.php?rest_route=%2Fwp%2Fv2%2Fcomments&post=5264"}],"version-history":[{"count":4,"href":"https:\/\/www.projekt-kirche.de\/index.php?rest_route=\/wp\/v2\/posts\/5264\/revisions"}],"predecessor-version":[{"id":8403,"href":"https:\/\/www.projekt-kirche.de\/index.php?rest_route=\/wp\/v2\/posts\/5264\/revisions\/8403"}],"wp:attachment":[{"href":"https:\/\/www.projekt-kirche.de\/index.php?rest_route=%2Fwp%2Fv2%2Fmedia&parent=5264"}],"wp:term":[{"taxonomy":"category","embeddable":true,"href":"https:\/\/www.projekt-kirche.de\/index.php?rest_route=%2Fwp%2Fv2%2Fcategories&post=5264"},{"taxonomy":"post_tag","embeddable":true,"href":"https:\/\/www.projekt-kirche.de\/index.php?rest_route=%2Fwp%2Fv2%2Ftags&post=5264"}],"curies":[{"name":"wp","href":"https:\/\/api.w.org\/{rel}","templated":true}]}}