{"id":5278,"date":"2018-02-20T07:54:51","date_gmt":"2018-02-20T06:54:51","guid":{"rendered":"http:\/\/www.projekt-kirche.de\/?p=5278"},"modified":"2020-05-08T15:09:57","modified_gmt":"2020-05-08T13:09:57","slug":"ueber-das-vater-unser","status":"publish","type":"post","link":"https:\/\/www.projekt-kirche.de\/?p=5278","title":{"rendered":"\u00dcber das Vater Unser"},"content":{"rendered":"<div class=\"shariff\" data-title=\"\u00dcber das Vater Unser\" data-info-url=\"http:\/\/ct.de\/-2467514\" data-backend-url=\"https:\/\/www.projekt-kirche.de\/wp-content\/plugins\/shariff-sharing\/backend\/index.php\" data-temp=\"\/tmp\" data-ttl=\"60\" data-service=\"gftr\" data-services='[\"googleplus\",\"facebook\",\"twitter\",\"reddit\",\"info\"]' data-image=\"\" data-url=\"https:\/\/www.projekt-kirche.de\/?p=5278\" data-lang=\"de\" data-theme=\"colored\" data-orientation=\"horizontal\"><\/div><p>Ein klasse Kommentar zum Gebet, speziell zum Vater Unser, von <span>Bonaventura (1221-1274), Franziskaner, Kirchenlehrer<\/span>:<\/p>\n<p><!--more--><\/p>\n<blockquote><p>Jesus hat seinen Apostel geboten: \u201eWenn ihr betet, so sprecht: Vater\u201c. Das hei\u00dft: ruft zu allererst den Vater an; sprecht, und zwar nicht nur mit der Stimme, sondern mit eurem Herzen, damit ihr nicht bef\u00fcrchten m\u00fcsst, dass man von euch wie beim Propheten Jesaja sagt: \u201eDieses Volk ehrt mich mit seinen Lippen, sein Herz aber h\u00e4lt es fern von mir\u201c (vgl. <a href=\"https:\/\/www.bibleserver.com\/NLB\/Jesaja29%2C13\" class=\"bibleserver extern\" target=\"_blank\" rel=\"noopener noreferrer\">Jes 29,13<\/a>). Sprecht nicht nur mit eurem Herzen, sondern auch mit eurem Mund, denn das laute Gebet wird von Gott angenommen, wie der Psalmist sagt: \u201eIch will den Herrn preisen mit lauter Stimme\u201c (<a href=\"https:\/\/www.bibleserver.com\/NLB\/Psalm109%2C30\" class=\"bibleserver extern\" target=\"_blank\" rel=\"noopener noreferrer\">Ps 109,30<\/a>). Und das darum, weil das Gebet hilft, die Erinnerung wach zu rufen, die Schl\u00e4frigkeit zu verscheuchen, die Sehnsucht zu entfachen, weil es empf\u00e4nglich f\u00fcr den Gehorsam macht, um der Freude Ausdruck zu verleihen und um ein Beispiel zu sein.<\/p>\n<p>Rufen wir also den Namen des Vaters an. Er ist ein wirklicher Vater, seiner Natur nach, wie es im Epheserbrief steht: \u201enach dessen Namen jedes Geschlecht im Himmel und auf der Erde benannt wird\u201c (<a href=\"https:\/\/www.bibleserver.com\/NLB\/Epheser3%2C15\" class=\"bibleserver extern\" target=\"_blank\" rel=\"noopener noreferrer\">Eph 3,15<\/a>). Oder auch beim Propheten Maleachi: \u201eHaben wir nicht alle denselben Vater?\u201c (<a href=\"https:\/\/www.bibleserver.com\/NLB\/Maleachi2%2C10\" class=\"bibleserver extern\" target=\"_blank\" rel=\"noopener noreferrer\">Mal 2,10<\/a>). Er ist auch Vater, weil er der Urheber der Gnade ist, so im R\u00f6merbrief: \u201e[\u2026] ihr habt den Geist empfangen, der euch zu S\u00f6hnen macht, den Geist, in dem wir rufen: Abba, Vater!\u201c (<a href=\"https:\/\/www.bibleserver.com\/NLB\/R%C3%B6mer8%2C15\" class=\"bibleserver extern\" target=\"_blank\" rel=\"noopener noreferrer\">R\u00f6m 8,15<\/a>) und im Galaterbrief: \u201eWeil ihr aber S\u00f6hne seid, sandte Gott den Geist seines Sohnes in unser Herz, den Geist, der ruft: Abba, Vater\u201c (<a href=\"https:\/\/www.bibleserver.com\/NLB\/Galater4%2C6\" class=\"bibleserver extern\" target=\"_blank\" rel=\"noopener noreferrer\">Gal 4,6<\/a>). Und er ist auch Vater hinsichtlich der k\u00fcnftigen Herrlichkeit: \u201eDu wirst mir zurufen: Mein Vater!, und nicht aufh\u00f6ren, vor meinem Angesicht zu leben\u201c (vgl. <a href=\"https:\/\/www.bibleserver.com\/NLB\/Jeremia3%2C19\" class=\"bibleserver extern\" target=\"_blank\" rel=\"noopener noreferrer\">Jer 3,19<\/a>).<\/p>\n<p>Wenn also mit dem Namen \u201eVater\u201c Gott, als Begr\u00fcnder der Natur bezeichnet wird, als Ursprung aller Gnade und als Vollender der Herrlichkeit, wird es uns dann auch verst\u00e4ndlich, dass er der einzige ist, von dem wir etwas erbitten sollen.<\/p>\n<p>Matth\u00e4us und Lukas stimmen dar\u00fcber ein, den Namen des Vaters anzurufen, damit in diesem einem Namen der Mensch zur Verehrung und zum Vertrauen entflammt werde, jenen beiden Fl\u00fcgeln, ohne die jedes Gebet nutzlos ist.<span> <\/span>(zitiert aus <a href=\"http:\/\/evangeliumtagfuertag.org\/main.php?language=DE&amp;module=commentary&amp;localdate=20180220\">Evangelium Tag f\u00fcr Tag<\/a>)<\/p><\/blockquote>\n","protected":false},"excerpt":{"rendered":"<p>Ein klasse Kommentar zum Gebet, speziell zum Vater Unser, von Bonaventura (1221-1274), Franziskaner, Kirchenlehrer:<\/p>\n","protected":false},"author":1,"featured_media":0,"comment_status":"open","ping_status":"open","sticky":false,"template":"","format":"standard","meta":{"jetpack_post_was_ever_published":false,"_jetpack_newsletter_access":"","_jetpack_dont_email_post_to_subs":false,"_jetpack_newsletter_tier_id":0,"_jetpack_memberships_contains_paywalled_content":false,"_jetpack_memberships_contains_paid_content":false,"footnotes":""},"categories":[2],"tags":[],"class_list":["post-5278","post","type-post","status-publish","format-standard","hentry","category-allgemein"],"jetpack_featured_media_url":"","jetpack_shortlink":"https:\/\/wp.me\/p4Sdv6-1n8","jetpack_sharing_enabled":true,"_links":{"self":[{"href":"https:\/\/www.projekt-kirche.de\/index.php?rest_route=\/wp\/v2\/posts\/5278","targetHints":{"allow":["GET"]}}],"collection":[{"href":"https:\/\/www.projekt-kirche.de\/index.php?rest_route=\/wp\/v2\/posts"}],"about":[{"href":"https:\/\/www.projekt-kirche.de\/index.php?rest_route=\/wp\/v2\/types\/post"}],"author":[{"embeddable":true,"href":"https:\/\/www.projekt-kirche.de\/index.php?rest_route=\/wp\/v2\/users\/1"}],"replies":[{"embeddable":true,"href":"https:\/\/www.projekt-kirche.de\/index.php?rest_route=%2Fwp%2Fv2%2Fcomments&post=5278"}],"version-history":[{"count":4,"href":"https:\/\/www.projekt-kirche.de\/index.php?rest_route=\/wp\/v2\/posts\/5278\/revisions"}],"predecessor-version":[{"id":8401,"href":"https:\/\/www.projekt-kirche.de\/index.php?rest_route=\/wp\/v2\/posts\/5278\/revisions\/8401"}],"wp:attachment":[{"href":"https:\/\/www.projekt-kirche.de\/index.php?rest_route=%2Fwp%2Fv2%2Fmedia&parent=5278"}],"wp:term":[{"taxonomy":"category","embeddable":true,"href":"https:\/\/www.projekt-kirche.de\/index.php?rest_route=%2Fwp%2Fv2%2Fcategories&post=5278"},{"taxonomy":"post_tag","embeddable":true,"href":"https:\/\/www.projekt-kirche.de\/index.php?rest_route=%2Fwp%2Fv2%2Ftags&post=5278"}],"curies":[{"name":"wp","href":"https:\/\/api.w.org\/{rel}","templated":true}]}}