{"id":5284,"date":"2018-02-26T08:59:23","date_gmt":"2018-02-26T07:59:23","guid":{"rendered":"http:\/\/www.projekt-kirche.de\/?p=5284"},"modified":"2020-05-08T15:09:56","modified_gmt":"2020-05-08T13:09:56","slug":"ueber-die-armut","status":"publish","type":"post","link":"https:\/\/www.projekt-kirche.de\/?p=5284","title":{"rendered":"\u00dcber die Armut"},"content":{"rendered":"<div class=\"shariff\" data-title=\"\u00dcber die Armut\" data-info-url=\"http:\/\/ct.de\/-2467514\" data-backend-url=\"https:\/\/www.projekt-kirche.de\/wp-content\/plugins\/shariff-sharing\/backend\/index.php\" data-temp=\"\/tmp\" data-ttl=\"60\" data-service=\"gftr\" data-services='[\"googleplus\",\"facebook\",\"twitter\",\"reddit\",\"info\"]' data-image=\"\" data-url=\"https:\/\/www.projekt-kirche.de\/?p=5284\" data-lang=\"de\" data-theme=\"colored\" data-orientation=\"horizontal\"><\/div><p>Die schlimmste Armut finden wir nicht bei den physisch Hungernden, sondern bei den Menschen, die ungeliebt und verachtet sind.<\/p>\n<p>Dazu schreibt Mutter Teresa von Kalkutta (1910-1997), Gr\u00fcnderin der Missionarinnen der N\u00e4chstenliebe:<\/p>\n<p><!--more--><\/p>\n<p>Ich bin nie das Gef\u00fchl losgeworden, dass sich \u00fcberall die Teilnahme am Leiden Christi erneuert. Sind wir bereit, an diesem Leiden teilzuhaben? Sind wir bereit, an den Leiden der anderen teilzunehmen, nicht nur dort, wo Armut herrscht, sondern \u00fcberall auf der Welt? Mir scheint, dass gro\u00dfem Elend und Leid zu begegnen, uns im Westen schwerer f\u00e4llt. Wenn ich einen Ausgehungerten auf der Stra\u00dfe auflese und ihm eine Schale Reis oder eine Scheibe Brot anbiete, kann ich seinen Hunger stillen. Aber wer geschlagen worden ist, wer sich nicht gew\u00fcnscht, nicht geliebt f\u00fchlt, wer in Angst lebt, wer sich von der Gesellschaft ausgesto\u00dfen wei\u00df, der ist einer Form von Armut ausgesetzt, die noch viel tiefer und schmerzhafter ist. Ihr abzuhelfen ist noch viel schwieriger. Die Menschen hungern nach Gott. Die Menschen sehnen sich nach Liebe. Sind wir uns dessen bewusst? Wissen wir das? Sehen wir das? Haben wir Augen, um es zu sehen? Oft schweift doch unser Blick umher, ohne an etwas h\u00e4ngen zu bleiben. Wie wenn wir diese Welt nur durchwandeln wollten. Wir m\u00fcssen unsere Augen \u00f6ffnen und sehen. (aus &#8220;No Greater Love&#8221;, zitiert aus <a href=\"http:\/\/evangeliumtagfuertag.org\/main.php?language=DE&amp;module=commentary&amp;localdate=20180226\">Evangelium Tag f\u00fcr Tag<\/a>)<\/p>\n","protected":false},"excerpt":{"rendered":"<p>Die schlimmste Armut finden wir nicht bei den physisch Hungernden, sondern bei den Menschen, die ungeliebt und verachtet sind. Dazu schreibt Mutter Teresa von Kalkutta (1910-1997), Gr\u00fcnderin der Missionarinnen der N\u00e4chstenliebe:<\/p>\n","protected":false},"author":1,"featured_media":0,"comment_status":"open","ping_status":"open","sticky":false,"template":"","format":"standard","meta":{"jetpack_post_was_ever_published":false,"_jetpack_newsletter_access":"","_jetpack_dont_email_post_to_subs":false,"_jetpack_newsletter_tier_id":0,"_jetpack_memberships_contains_paywalled_content":false,"_jetpack_memberships_contains_paid_content":false,"footnotes":""},"categories":[2],"tags":[],"class_list":["post-5284","post","type-post","status-publish","format-standard","hentry","category-allgemein"],"jetpack_featured_media_url":"","jetpack_shortlink":"https:\/\/wp.me\/p4Sdv6-1ne","jetpack_sharing_enabled":true,"_links":{"self":[{"href":"https:\/\/www.projekt-kirche.de\/index.php?rest_route=\/wp\/v2\/posts\/5284","targetHints":{"allow":["GET"]}}],"collection":[{"href":"https:\/\/www.projekt-kirche.de\/index.php?rest_route=\/wp\/v2\/posts"}],"about":[{"href":"https:\/\/www.projekt-kirche.de\/index.php?rest_route=\/wp\/v2\/types\/post"}],"author":[{"embeddable":true,"href":"https:\/\/www.projekt-kirche.de\/index.php?rest_route=\/wp\/v2\/users\/1"}],"replies":[{"embeddable":true,"href":"https:\/\/www.projekt-kirche.de\/index.php?rest_route=%2Fwp%2Fv2%2Fcomments&post=5284"}],"version-history":[{"count":1,"href":"https:\/\/www.projekt-kirche.de\/index.php?rest_route=\/wp\/v2\/posts\/5284\/revisions"}],"predecessor-version":[{"id":6206,"href":"https:\/\/www.projekt-kirche.de\/index.php?rest_route=\/wp\/v2\/posts\/5284\/revisions\/6206"}],"wp:attachment":[{"href":"https:\/\/www.projekt-kirche.de\/index.php?rest_route=%2Fwp%2Fv2%2Fmedia&parent=5284"}],"wp:term":[{"taxonomy":"category","embeddable":true,"href":"https:\/\/www.projekt-kirche.de\/index.php?rest_route=%2Fwp%2Fv2%2Fcategories&post=5284"},{"taxonomy":"post_tag","embeddable":true,"href":"https:\/\/www.projekt-kirche.de\/index.php?rest_route=%2Fwp%2Fv2%2Ftags&post=5284"}],"curies":[{"name":"wp","href":"https:\/\/api.w.org\/{rel}","templated":true}]}}