{"id":5286,"date":"2018-02-27T07:41:46","date_gmt":"2018-02-27T06:41:46","guid":{"rendered":"http:\/\/www.projekt-kirche.de\/?p=5286"},"modified":"2020-05-08T15:09:56","modified_gmt":"2020-05-08T13:09:56","slug":"ueber-die-demut-2","status":"publish","type":"post","link":"https:\/\/www.projekt-kirche.de\/?p=5286","title":{"rendered":"\u00dcber die Demut"},"content":{"rendered":"<div class=\"shariff\" data-title=\"\u00dcber die Demut\" data-info-url=\"http:\/\/ct.de\/-2467514\" data-backend-url=\"https:\/\/www.projekt-kirche.de\/wp-content\/plugins\/shariff-sharing\/backend\/index.php\" data-temp=\"\/tmp\" data-ttl=\"60\" data-service=\"gftr\" data-services='[\"googleplus\",\"facebook\",\"twitter\",\"reddit\",\"info\"]' data-image=\"\" data-url=\"https:\/\/www.projekt-kirche.de\/?p=5286\" data-lang=\"de\" data-theme=\"colored\" data-orientation=\"horizontal\"><\/div><p>Heute gibt es bei <a href=\"http:\/\/evangeliumtagfuertag.org\/main.php?language=DE&amp;module=commentary&amp;localdate=20180227\">Evangelium Tag f\u00fcr Tag<\/a> einen klasse Kommentar \u00fcber die Demut:<\/p>\n<p><!--more--><\/p>\n<blockquote><p>Die g\u00f6ttliche Vorsehung, die daf\u00fcr sorgt, dass jeder von uns bekommt, was gut f\u00fcr ihn ist, hat uns mit allem nur M\u00f6glichen konfrontiert, um uns der Demut geneigt zu machen. Die Vorsehung wendet sich n\u00e4mlich von dir ab und du f\u00e4llst wieder, wenn du auf ihre Gnadengaben stolz wirst [&#8230;] Sei dir also bewusst, dass es nicht deine Sache, noch Sache deiner Tugendhaftigkeit ist, b\u00f6sen Neigungen zu widerstehen, sondern dass allein die Gnade dich in ihrer Hand birgt, damit du keine Angst zu haben brauchst [&#8230;] Klage und weine und erinnere dich zur Zeit der Pr\u00fcfung an deine Fehler, damit du frei von Stolz wirst und dem\u00fctig. Doch verzweifle nicht. Bete dem\u00fctig zu Gott, dir deine S\u00fcnden zu vergeben. Auch wenn gute Werke fehlen, tilgt die Demut viele Fehler. Werke ohne Demut jedoch sind zu nichts n\u00fctze; ja, sie leiten sogar viel B\u00f6ses in die Wege. Erlange also durch Demut die Vergebung deiner ungerechten Taten. Was f\u00fcr jedwede Nahrung das Salz ist, das ist f\u00fcr jegliche Tugendhaftigkeit die Demut. Sie kann die Kraft vieler S\u00fcnden brechen [&#8230;] Wenn wir sie besitzen, macht sie aus uns S\u00f6hne Gottes und f\u00fchrt uns, auch ohne die Hilfe guter Werke, zu Gott. Wenn sie fehlt, sind deshalb all unsere Werke nichtig, nichtig all unsere Tugenden, ist nichtig all unser M\u00fchen. (Abhandlungen \u00fcber die Askese, 1.Reihe, Nr.49, Isaak der Syrer (7. Jh.), M\u00f6nch in Ninive bei Mossul im heutigen Irak, Heiliger der orthodoxen Kirchen)<\/p><\/blockquote>\n","protected":false},"excerpt":{"rendered":"<p>Heute gibt es bei Evangelium Tag f\u00fcr Tag einen klasse Kommentar \u00fcber die Demut:<\/p>\n","protected":false},"author":1,"featured_media":0,"comment_status":"open","ping_status":"open","sticky":false,"template":"","format":"standard","meta":{"jetpack_post_was_ever_published":false,"_jetpack_newsletter_access":"","_jetpack_dont_email_post_to_subs":false,"_jetpack_newsletter_tier_id":0,"_jetpack_memberships_contains_paywalled_content":false,"_jetpack_memberships_contains_paid_content":false,"footnotes":""},"categories":[2],"tags":[],"class_list":["post-5286","post","type-post","status-publish","format-standard","hentry","category-allgemein"],"jetpack_featured_media_url":"","jetpack_shortlink":"https:\/\/wp.me\/p4Sdv6-1ng","jetpack_sharing_enabled":true,"_links":{"self":[{"href":"https:\/\/www.projekt-kirche.de\/index.php?rest_route=\/wp\/v2\/posts\/5286","targetHints":{"allow":["GET"]}}],"collection":[{"href":"https:\/\/www.projekt-kirche.de\/index.php?rest_route=\/wp\/v2\/posts"}],"about":[{"href":"https:\/\/www.projekt-kirche.de\/index.php?rest_route=\/wp\/v2\/types\/post"}],"author":[{"embeddable":true,"href":"https:\/\/www.projekt-kirche.de\/index.php?rest_route=\/wp\/v2\/users\/1"}],"replies":[{"embeddable":true,"href":"https:\/\/www.projekt-kirche.de\/index.php?rest_route=%2Fwp%2Fv2%2Fcomments&post=5286"}],"version-history":[{"count":1,"href":"https:\/\/www.projekt-kirche.de\/index.php?rest_route=\/wp\/v2\/posts\/5286\/revisions"}],"predecessor-version":[{"id":6173,"href":"https:\/\/www.projekt-kirche.de\/index.php?rest_route=\/wp\/v2\/posts\/5286\/revisions\/6173"}],"wp:attachment":[{"href":"https:\/\/www.projekt-kirche.de\/index.php?rest_route=%2Fwp%2Fv2%2Fmedia&parent=5286"}],"wp:term":[{"taxonomy":"category","embeddable":true,"href":"https:\/\/www.projekt-kirche.de\/index.php?rest_route=%2Fwp%2Fv2%2Fcategories&post=5286"},{"taxonomy":"post_tag","embeddable":true,"href":"https:\/\/www.projekt-kirche.de\/index.php?rest_route=%2Fwp%2Fv2%2Ftags&post=5286"}],"curies":[{"name":"wp","href":"https:\/\/api.w.org\/{rel}","templated":true}]}}